[{"@context":"https:\/\/schema.org\/","@type":"Article","@id":"https:\/\/www.opac.cz\/ve-vasi-domacnosti-maji-sve-misto\/#Article","mainEntityOfPage":"https:\/\/www.opac.cz\/ve-vasi-domacnosti-maji-sve-misto\/","headline":"Ve va\u0161\u00ed dom\u00e1cnosti maj\u00ed sv\u00e9 m\u00edsto","name":"Ve va\u0161\u00ed dom\u00e1cnosti maj\u00ed sv\u00e9 m\u00edsto","description":"&#13; Moc se v\u00e1m l\u00edb\u00ed, kdy\u017e se sch\u00e1z\u00edte s p\u0159\u00e1teli nebo rodinou u v\u00e1s doma. Takov\u00e9 ve\u010dery pat\u0159\u00ed mezi nejp\u0159\u00edjemn\u011bj\u0161\u00ed a dlouho na n\u011b vzpom\u00edn\u00e1te. \u010casto se z\u00e1bava a pov\u00edd\u00e1n\u00ed prot\u00e1hne a\u017e do pozdn\u00edch no\u010dn\u00edch hodin. Jste moc r\u00e1di, \u017ee jste si po\u0159\u00eddili rozkl\u00e1dac\u00ed pohovku a m\u016f\u017eete tak va\u0161im host\u016fm nab\u00eddnout p\u0159\u00edle\u017eitostn\u00e9 p\u0159esp\u00e1n\u00ed. I oni&hellip;<p class=\"read-more\"><a class=\"readmore-btn\" href=\"https:\/\/www.opac.cz\/ve-vasi-domacnosti-maji-sve-misto\/\">\u010c\u00edst d\u00e1le<span class=\"screen-reader-text\">  \u010c\u00edst d\u00e1le<\/span><\/a><\/p>","datePublished":"2017-10-14","dateModified":"2023-05-06","author":{"@type":"Person","@id":"https:\/\/www.opac.cz\/author\/#Person","name":"","url":"https:\/\/www.opac.cz\/author\/","identifier":1,"image":{"@type":"ImageObject","@id":"https:\/\/secure.gravatar.com\/avatar\/c065076eb86551fdb70725c8063acf1b60a8edaed14ed654228c4cba13121c83?s=96&d=mm&r=g","url":"https:\/\/secure.gravatar.com\/avatar\/c065076eb86551fdb70725c8063acf1b60a8edaed14ed654228c4cba13121c83?s=96&d=mm&r=g","height":96,"width":96}},"publisher":{"@type":"Organization","name":"opac.cz","logo":{"@type":"ImageObject","@id":"\/logo.png","url":"\/logo.png","width":600,"height":60}},"image":{"@type":"ImageObject","@id":"https:\/\/www.opac.cz\/wp-content\/uploads\/img_a302569_w2445_t1512470036.jpg","url":"https:\/\/www.opac.cz\/wp-content\/uploads\/img_a302569_w2445_t1512470036.jpg","height":0,"width":0},"url":"https:\/\/www.opac.cz\/ve-vasi-domacnosti-maji-sve-misto\/","about":["Produkty"],"wordCount":445,"articleBody":"&#13; Moc se v\u00e1m l\u00edb\u00ed, kdy\u017e se sch\u00e1z\u00edte s p\u0159\u00e1teli nebo rodinou u v\u00e1s doma. Takov\u00e9 ve\u010dery pat\u0159\u00ed mezi nejp\u0159\u00edjemn\u011bj\u0161\u00ed a dlouho na n\u011b vzpom\u00edn\u00e1te. \u010casto se z\u00e1bava a pov\u00edd\u00e1n\u00ed prot\u00e1hne a\u017e do pozdn\u00edch no\u010dn\u00edch hodin. Jste moc r\u00e1di, \u017ee jste si po\u0159\u00eddili rozkl\u00e1dac\u00ed pohovku a m\u016f\u017eete tak va\u0161im host\u016fm nab\u00eddnout p\u0159\u00edle\u017eitostn\u00e9 p\u0159esp\u00e1n\u00ed. I oni v\u00edtaj\u00ed to, \u017ee nemus\u00ed v noci p\u0159em\u00fd\u0161let nad t\u00edm, jak se dopravit zp\u011bt dom\u016f. A va\u0161e z\u00e1bava a pov\u00edd\u00e1n\u00ed m\u016f\u017ee pokra\u010dovat i v dopoledn\u00edch hodin\u00e1ch!&#13; Perfektn\u00ed do pracovny&#13; Velmi jste si p\u0159\u00e1li m\u00edt v nov\u00e9m rodinn\u00e9m dom\u011b prostornou pracovnu, kter\u00e1 v\u00e1m poskytne dostatek klidu a soukrom\u00ed. Bohu\u017eel je v\u0161ak nutn\u00e9, abyste jeden pokoj v dom\u011b vyhradili i jako pokoj pro hosty, jeliko\u017e v\u00e1s nav\u0161t\u011bvuj\u00ed va\u0161i rodi\u010de a ostatn\u00ed p\u0159\u00edbuzn\u00ed, kte\u0159\u00ed u v\u00e1s v\u017edy str\u00e1v\u00ed i n\u011bkolik noc\u00ed. Skoro se zd\u00e1, \u017ee m\u00edsto pro va\u0161i pracovnu bude zabr\u00e1no! Ur\u010dit\u011b to nen\u00ed nutn\u00e9. V\u0161e vy\u0159e\u0161\u00edte s pomoc\u00ed rozkl\u00e1dac\u00ed pohovky. Snadno tak prom\u011bn\u00edte pracovnu v do\u010dasn\u00fd pokoj pro hosty, a p\u0159itom ve slo\u017een\u00e9m stavu v\u00e1m pohovka nebude v pokoji nijak p\u0159ek\u00e1\u017eet. I vy ocen\u00edte, \u017ee si p\u0159i dlouh\u00e9m sezen\u00ed u po\u010d\u00edta\u010de m\u016f\u017eete ud\u011blat kr\u00e1tkou p\u0159est\u00e1vku a na chv\u00edli se nat\u00e1hnout.&#13; Pr\u00e1ce dlouho do noci&#13; Kdy\u017e jste se vyd\u00e1vali na dr\u00e1hu soukrom\u00e9ho podnik\u00e1n\u00ed, d\u011blali jste to tak\u00e9 proto, \u017ee jste tou\u017eili po tom, \u017ee si budete moci l\u00e9pe napl\u00e1novat a zorganizovat \u010das. Opak je v\u0161ak pravdou. Prac\u00ed te\u010f tr\u00e1v\u00edte mnohem v\u00edce \u010dasu ne\u017e kdy d\u0159\u00edve. Dokonce se v\u00e1m \u010dasto st\u00e1v\u00e1, \u017ee v kancel\u00e1\u0159i z\u016fst\u00e1v\u00e1te i p\u0159es noc. Je\u0161t\u011b\u017ee jste si vybrali velmi praktick\u00e9 za\u0159\u00edzen\u00ed a n\u00e1bytek. Velmi elegantn\u00ed sedac\u00ed soupravu, kter\u00e1 v\u00e1m b\u011bhem pracovn\u00edch hodin slou\u017e\u00ed jako neform\u00e1ln\u00ed m\u00edsto pro setk\u00e1v\u00e1n\u00ed s va\u0161imi klienty. Nejednou jste v\u0161ak p\u0159iv\u00edtali, \u017ee je mo\u017en\u00e9 ji rozlo\u017eit a vy jste se mohli pracovn\u00edm \u00fakol\u016fm v\u011bnovat do pozdn\u00edch no\u010dn\u00edch hodin a n\u00e1sleduj\u00edc\u00ed den od brzk\u00e9ho r\u00e1na.&#13; &#13; Jak\u00fd typ jste si vybrali vy?&#13;                                                                                                                                                                                                                                                                                                                                                                                         4.2\/5 - (10 votes)        "},{"@context":"https:\/\/schema.org\/","@type":"BreadcrumbList","itemListElement":[{"@type":"ListItem","position":1,"name":"Ve va\u0161\u00ed dom\u00e1cnosti maj\u00ed sv\u00e9 m\u00edsto","item":"https:\/\/www.opac.cz\/ve-vasi-domacnosti-maji-sve-misto\/#breadcrumbitem"}]}]