{"@context":"https:\/\/schema.org\/","@type":"CollectionPage","@id":"https:\/\/www.opac.cz\/produkty\/#CollectionPage","headline":"Produkty Category","description":"","url":"https:\/\/www.opac.cz\/produkty\/","hasPart":[{"@type":"Article","@id":"https:\/\/www.opac.cz\/kvalitni-i-esteticke-zasuvky-schneider\/","headline":"Kvalitn\u00ed i estetick\u00e9 z\u00e1suvky Schneider","url":"https:\/\/www.opac.cz\/kvalitni-i-esteticke-zasuvky-schneider\/","datePublished":"2018-10-21","dateModified":"2023-05-06","mainEntityOfPage":"https:\/\/www.opac.cz\/kvalitni-i-esteticke-zasuvky-schneider\/","author":{"@type":"Person","@id":"https:\/\/www.opac.cz\/author\/#Person","name":"","url":"https:\/\/www.opac.cz\/author\/","identifier":1,"image":{"@type":"ImageObject","@id":"https:\/\/secure.gravatar.com\/avatar\/c065076eb86551fdb70725c8063acf1b60a8edaed14ed654228c4cba13121c83?s=96&d=mm&r=g","url":"https:\/\/secure.gravatar.com\/avatar\/c065076eb86551fdb70725c8063acf1b60a8edaed14ed654228c4cba13121c83?s=96&d=mm&r=g","height":96,"width":96}},"publisher":{"@type":"Organization","name":"opac.cz","logo":{"@type":"ImageObject","@id":"\/logo.png","url":"\/logo.png","width":600,"height":60}},"image":{"@type":"ImageObject","@id":"https:\/\/www.opac.cz\/wp-content\/uploads\/img_a327903_w1702_t1540370392.jpg","url":"https:\/\/www.opac.cz\/wp-content\/uploads\/img_a327903_w1702_t1540370392.jpg","height":0,"width":0},"keywords":null},{"@type":"Article","@id":"https:\/\/www.opac.cz\/jak-unosit-barevnou-kabelku\/","headline":"Jak (u)nosit barevnou kabelku","url":"https:\/\/www.opac.cz\/jak-unosit-barevnou-kabelku\/","datePublished":"2018-08-13","dateModified":"2023-05-06","mainEntityOfPage":"https:\/\/www.opac.cz\/jak-unosit-barevnou-kabelku\/","author":{"@type":"Person","@id":"https:\/\/www.opac.cz\/author\/#Person","name":"","url":"https:\/\/www.opac.cz\/author\/","identifier":1,"image":{"@type":"ImageObject","@id":"https:\/\/secure.gravatar.com\/avatar\/c065076eb86551fdb70725c8063acf1b60a8edaed14ed654228c4cba13121c83?s=96&d=mm&r=g","url":"https:\/\/secure.gravatar.com\/avatar\/c065076eb86551fdb70725c8063acf1b60a8edaed14ed654228c4cba13121c83?s=96&d=mm&r=g","height":96,"width":96}},"publisher":{"@type":"Organization","name":"opac.cz","logo":{"@type":"ImageObject","@id":"\/logo.png","url":"\/logo.png","width":600,"height":60}},"image":{"@type":"ImageObject","@id":"https:\/\/www.opac.cz\/wp-content\/uploads\/img_a322543_w2700_t1534234230.jpg","url":"https:\/\/www.opac.cz\/wp-content\/uploads\/img_a322543_w2700_t1534234230.jpg","height":0,"width":0},"keywords":null},{"@type":"Article","@id":"https:\/\/www.opac.cz\/kliceni-semen-je-stale-vice-oblibene\/","headline":"Kl\u00ed\u010den\u00ed semen je st\u00e1le v\u00edce obl\u00edben\u00e9","url":"https:\/\/www.opac.cz\/kliceni-semen-je-stale-vice-oblibene\/","datePublished":"2018-05-18","dateModified":"2023-05-06","mainEntityOfPage":"https:\/\/www.opac.cz\/kliceni-semen-je-stale-vice-oblibene\/","author":{"@type":"Person","@id":"https:\/\/www.opac.cz\/author\/#Person","name":"","url":"https:\/\/www.opac.cz\/author\/","identifier":1,"image":{"@type":"ImageObject","@id":"https:\/\/secure.gravatar.com\/avatar\/c065076eb86551fdb70725c8063acf1b60a8edaed14ed654228c4cba13121c83?s=96&d=mm&r=g","url":"https:\/\/secure.gravatar.com\/avatar\/c065076eb86551fdb70725c8063acf1b60a8edaed14ed654228c4cba13121c83?s=96&d=mm&r=g","height":96,"width":96}},"publisher":{"@type":"Organization","name":"opac.cz","logo":{"@type":"ImageObject","@id":"\/logo.png","url":"\/logo.png","width":600,"height":60}},"image":{"@type":"ImageObject","@id":"https:\/\/www.opac.cz\/wp-content\/uploads\/img_a317184_w2385_t1527886010.jpg","url":"https:\/\/www.opac.cz\/wp-content\/uploads\/img_a317184_w2385_t1527886010.jpg","height":0,"width":0},"keywords":null},{"@type":"Article","@id":"https:\/\/www.opac.cz\/ve-vasi-domacnosti-maji-sve-misto\/","headline":"Ve va\u0161\u00ed dom\u00e1cnosti maj\u00ed sv\u00e9 m\u00edsto","url":"https:\/\/www.opac.cz\/ve-vasi-domacnosti-maji-sve-misto\/","datePublished":"2017-10-14","dateModified":"2023-05-06","mainEntityOfPage":"https:\/\/www.opac.cz\/ve-vasi-domacnosti-maji-sve-misto\/","author":{"@type":"Person","@id":"https:\/\/www.opac.cz\/author\/#Person","name":"","url":"https:\/\/www.opac.cz\/author\/","identifier":1,"image":{"@type":"ImageObject","@id":"https:\/\/secure.gravatar.com\/avatar\/c065076eb86551fdb70725c8063acf1b60a8edaed14ed654228c4cba13121c83?s=96&d=mm&r=g","url":"https:\/\/secure.gravatar.com\/avatar\/c065076eb86551fdb70725c8063acf1b60a8edaed14ed654228c4cba13121c83?s=96&d=mm&r=g","height":96,"width":96}},"publisher":{"@type":"Organization","name":"opac.cz","logo":{"@type":"ImageObject","@id":"\/logo.png","url":"\/logo.png","width":600,"height":60}},"image":{"@type":"ImageObject","@id":"https:\/\/www.opac.cz\/wp-content\/uploads\/img_a302569_w2445_t1512470036.jpg","url":"https:\/\/www.opac.cz\/wp-content\/uploads\/img_a302569_w2445_t1512470036.jpg","height":0,"width":0},"keywords":null}]}