[{"@context":"https:\/\/schema.org\/","@type":"Blog","@id":"https:\/\/www.opac.cz#Blog","headline":"Opac","description":"\nNeklademe si za c\u00edl n\u011bkoho oklam\u00e1vat, d\u00e1vat mu fale\u0161n\u00e9 nad\u011bje nebo ho naopak zbyte\u010dn\u011b deptat. N\u00e1m jde o to, aby se ka\u017ed\u00fd dozv\u011bd\u011bl jen pravdu.","url":"https:\/\/www.opac.cz","hasPart":[{"@type":"Article","@id":"https:\/\/www.opac.cz\/ruzne-obaly\/","headline":"R\u016fzn\u00e9 obaly","url":"https:\/\/www.opac.cz\/ruzne-obaly\/","datePublished":"2023-02-24","dateModified":"2024-02-21","mainEntityOfPage":"https:\/\/www.opac.cz\/ruzne-obaly\/","author":{"@type":"Person","@id":"https:\/\/www.opac.cz\/author\/#Person","name":"","url":"https:\/\/www.opac.cz\/author\/","identifier":1,"image":{"@type":"ImageObject","@id":"https:\/\/secure.gravatar.com\/avatar\/c065076eb86551fdb70725c8063acf1b60a8edaed14ed654228c4cba13121c83?s=96&d=mm&r=g","url":"https:\/\/secure.gravatar.com\/avatar\/c065076eb86551fdb70725c8063acf1b60a8edaed14ed654228c4cba13121c83?s=96&d=mm&r=g","height":96,"width":96}},"publisher":{"@type":"Organization","name":"opac.cz","logo":{"@type":"ImageObject","@id":"\/logo.png","url":"\/logo.png","width":600,"height":60}},"image":{"@type":"ImageObject","@id":"https:\/\/www.opac.cz\/wp-content\/uploads\/made-1619751_960_720_1.jpg","url":"https:\/\/www.opac.cz\/wp-content\/uploads\/made-1619751_960_720_1.jpg","height":0,"width":0},"wordCount":466,"keywords":null},{"@type":"Article","@id":"https:\/\/www.opac.cz\/vytvorte-detem-na-chate-hraci-koutek\/","headline":"Vytvo\u0159te d\u011btem na chat\u011b hrac\u00ed koutek","url":"https:\/\/www.opac.cz\/vytvorte-detem-na-chate-hraci-koutek\/","datePublished":"2023-01-28","dateModified":"2023-05-06","mainEntityOfPage":"https:\/\/www.opac.cz\/vytvorte-detem-na-chate-hraci-koutek\/","author":{"@type":"Person","@id":"https:\/\/www.opac.cz\/author\/#Person","name":"","url":"https:\/\/www.opac.cz\/author\/","identifier":1,"image":{"@type":"ImageObject","@id":"https:\/\/secure.gravatar.com\/avatar\/c065076eb86551fdb70725c8063acf1b60a8edaed14ed654228c4cba13121c83?s=96&d=mm&r=g","url":"https:\/\/secure.gravatar.com\/avatar\/c065076eb86551fdb70725c8063acf1b60a8edaed14ed654228c4cba13121c83?s=96&d=mm&r=g","height":96,"width":96}},"publisher":{"@type":"Organization","name":"opac.cz","logo":{"@type":"ImageObject","@id":"\/logo.png","url":"\/logo.png","width":600,"height":60}},"image":{"@type":"ImageObject","@id":"https:\/\/www.opac.cz\/wp-content\/uploads\/childrens-playground-g00fceff31_640.jpg","url":"https:\/\/www.opac.cz\/wp-content\/uploads\/childrens-playground-g00fceff31_640.jpg","height":0,"width":0},"wordCount":669,"keywords":null},{"@type":"Article","@id":"https:\/\/www.opac.cz\/svet-na-pohled-z-vysky\/","headline":"Sv\u011bt na pohled z v\u00fd\u0161ky","url":"https:\/\/www.opac.cz\/svet-na-pohled-z-vysky\/","datePublished":"2023-01-27","dateModified":"2023-07-27","mainEntityOfPage":"https:\/\/www.opac.cz\/svet-na-pohled-z-vysky\/","author":{"@type":"Person","@id":"https:\/\/www.opac.cz\/author\/#Person","name":"","url":"https:\/\/www.opac.cz\/author\/","identifier":1,"image":{"@type":"ImageObject","@id":"https:\/\/secure.gravatar.com\/avatar\/c065076eb86551fdb70725c8063acf1b60a8edaed14ed654228c4cba13121c83?s=96&d=mm&r=g","url":"https:\/\/secure.gravatar.com\/avatar\/c065076eb86551fdb70725c8063acf1b60a8edaed14ed654228c4cba13121c83?s=96&d=mm&r=g","height":96,"width":96}},"publisher":{"@type":"Organization","name":"opac.cz","logo":{"@type":"ImageObject","@id":"\/logo.png","url":"\/logo.png","width":600,"height":60}},"image":{"@type":"ImageObject","@id":"https:\/\/www.opac.cz\/wp-content\/uploads\/view-4643017_640.jpg","url":"https:\/\/www.opac.cz\/wp-content\/uploads\/view-4643017_640.jpg","height":0,"width":0},"wordCount":583,"keywords":null},{"@type":"Article","@id":"https:\/\/www.opac.cz\/jak-se-sezene-podnikatelska-pujcka\/","headline":"Jak se se\u017eene podnikatelsk\u00e1 p\u016fj\u010dka?","url":"https:\/\/www.opac.cz\/jak-se-sezene-podnikatelska-pujcka\/","datePublished":"2023-01-14","dateModified":"2023-05-06","mainEntityOfPage":"https:\/\/www.opac.cz\/jak-se-sezene-podnikatelska-pujcka\/","author":{"@type":"Person","@id":"https:\/\/www.opac.cz\/author\/#Person","name":"","url":"https:\/\/www.opac.cz\/author\/","identifier":1,"image":{"@type":"ImageObject","@id":"https:\/\/secure.gravatar.com\/avatar\/c065076eb86551fdb70725c8063acf1b60a8edaed14ed654228c4cba13121c83?s=96&d=mm&r=g","url":"https:\/\/secure.gravatar.com\/avatar\/c065076eb86551fdb70725c8063acf1b60a8edaed14ed654228c4cba13121c83?s=96&d=mm&r=g","height":96,"width":96}},"publisher":{"@type":"Organization","name":"opac.cz","logo":{"@type":"ImageObject","@id":"\/logo.png","url":"\/logo.png","width":600,"height":60}},"image":{"@type":"ImageObject","@id":"https:\/\/www.opac.cz\/wp-content\/uploads\/environmental-protection-886672_960_720.jpg","url":"https:\/\/www.opac.cz\/wp-content\/uploads\/environmental-protection-886672_960_720.jpg","height":0,"width":0},"wordCount":591,"keywords":null},{"@type":"Article","@id":"https:\/\/www.opac.cz\/co-se-slabou-erekci\/","headline":"Co se slabou erekc\u00ed?","url":"https:\/\/www.opac.cz\/co-se-slabou-erekci\/","datePublished":"2023-01-10","dateModified":"2023-05-06","mainEntityOfPage":"https:\/\/www.opac.cz\/co-se-slabou-erekci\/","author":{"@type":"Person","@id":"https:\/\/www.opac.cz\/author\/#Person","name":"","url":"https:\/\/www.opac.cz\/author\/","identifier":1,"image":{"@type":"ImageObject","@id":"https:\/\/secure.gravatar.com\/avatar\/c065076eb86551fdb70725c8063acf1b60a8edaed14ed654228c4cba13121c83?s=96&d=mm&r=g","url":"https:\/\/secure.gravatar.com\/avatar\/c065076eb86551fdb70725c8063acf1b60a8edaed14ed654228c4cba13121c83?s=96&d=mm&r=g","height":96,"width":96}},"publisher":{"@type":"Organization","name":"opac.cz","logo":{"@type":"ImageObject","@id":"\/logo.png","url":"\/logo.png","width":600,"height":60}},"image":{"@type":"ImageObject","@id":"https:\/\/www.opac.cz\/wp-content\/uploads\/mu%C5%BE%C5%BE_1.JPG","url":"https:\/\/www.opac.cz\/wp-content\/uploads\/mu%C5%BE%C5%BE_1.JPG","height":0,"width":0},"wordCount":857,"keywords":null},{"@type":"Article","@id":"https:\/\/www.opac.cz\/plus-size-nevesty-a-svatebni-saty\/","headline":"Plus size nev\u011bsty a svatebn\u00ed \u0161aty","url":"https:\/\/www.opac.cz\/plus-size-nevesty-a-svatebni-saty\/","datePublished":"2022-12-14","dateModified":"2023-05-06","mainEntityOfPage":"https:\/\/www.opac.cz\/plus-size-nevesty-a-svatebni-saty\/","author":{"@type":"Person","@id":"https:\/\/www.opac.cz\/author\/#Person","name":"","url":"https:\/\/www.opac.cz\/author\/","identifier":1,"image":{"@type":"ImageObject","@id":"https:\/\/secure.gravatar.com\/avatar\/c065076eb86551fdb70725c8063acf1b60a8edaed14ed654228c4cba13121c83?s=96&d=mm&r=g","url":"https:\/\/secure.gravatar.com\/avatar\/c065076eb86551fdb70725c8063acf1b60a8edaed14ed654228c4cba13121c83?s=96&d=mm&r=g","height":96,"width":96}},"publisher":{"@type":"Organization","name":"opac.cz","logo":{"@type":"ImageObject","@id":"\/logo.png","url":"\/logo.png","width":600,"height":60}},"image":{"@type":"ImageObject","@id":"https:\/\/www.opac.cz\/wp-content\/uploads\/pexels-milan-4637461.jpg","url":"https:\/\/www.opac.cz\/wp-content\/uploads\/pexels-milan-4637461.jpg","height":0,"width":0},"wordCount":638,"keywords":null},{"@type":"Article","@id":"https:\/\/www.opac.cz\/ja-a-sport\/","headline":"J\u00e1 a sport","url":"https:\/\/www.opac.cz\/ja-a-sport\/","datePublished":"2022-10-09","dateModified":"2023-05-06","mainEntityOfPage":"https:\/\/www.opac.cz\/ja-a-sport\/","author":{"@type":"Person","@id":"https:\/\/www.opac.cz\/author\/#Person","name":"","url":"https:\/\/www.opac.cz\/author\/","identifier":1,"image":{"@type":"ImageObject","@id":"https:\/\/secure.gravatar.com\/avatar\/c065076eb86551fdb70725c8063acf1b60a8edaed14ed654228c4cba13121c83?s=96&d=mm&r=g","url":"https:\/\/secure.gravatar.com\/avatar\/c065076eb86551fdb70725c8063acf1b60a8edaed14ed654228c4cba13121c83?s=96&d=mm&r=g","height":96,"width":96}},"publisher":{"@type":"Organization","name":"opac.cz","logo":{"@type":"ImageObject","@id":"\/logo.png","url":"\/logo.png","width":600,"height":60}},"image":{"@type":"ImageObject","@id":"https:\/\/www.opac.cz\/wp-content\/uploads\/yoga-6128116_960_720_1.jpg","url":"https:\/\/www.opac.cz\/wp-content\/uploads\/yoga-6128116_960_720_1.jpg","height":0,"width":0},"wordCount":526,"keywords":null},{"@type":"Article","@id":"https:\/\/www.opac.cz\/dioptricke-bryle-nejsou-nejlevnejsi\/","headline":"Dioptrick\u00e9 br\u00fdle nejsou nejlevn\u011bj\u0161\u00ed","url":"https:\/\/www.opac.cz\/dioptricke-bryle-nejsou-nejlevnejsi\/","datePublished":"2022-09-30","dateModified":"2023-08-18","mainEntityOfPage":"https:\/\/www.opac.cz\/dioptricke-bryle-nejsou-nejlevnejsi\/","author":{"@type":"Person","@id":"https:\/\/www.opac.cz\/author\/#Person","name":"","url":"https:\/\/www.opac.cz\/author\/","identifier":1,"image":{"@type":"ImageObject","@id":"https:\/\/secure.gravatar.com\/avatar\/c065076eb86551fdb70725c8063acf1b60a8edaed14ed654228c4cba13121c83?s=96&d=mm&r=g","url":"https:\/\/secure.gravatar.com\/avatar\/c065076eb86551fdb70725c8063acf1b60a8edaed14ed654228c4cba13121c83?s=96&d=mm&r=g","height":96,"width":96}},"publisher":{"@type":"Organization","name":"opac.cz","logo":{"@type":"ImageObject","@id":"\/logo.png","url":"\/logo.png","width":600,"height":60}},"image":{"@type":"ImageObject","@id":"https:\/\/www.opac.cz\/wp-content\/uploads\/glasses-gf4f79ae78_640.jpg","url":"https:\/\/www.opac.cz\/wp-content\/uploads\/glasses-gf4f79ae78_640.jpg","height":0,"width":0},"wordCount":680,"keywords":null},{"@type":"Article","@id":"https:\/\/www.opac.cz\/pestra-nabidka-stahovacich-schodu-s-dumyslne-propracovanou-konstrukci\/","headline":"Pestr\u00e1 nab\u00eddka stahovac\u00edch schod\u016f s d\u016fmysln\u011b propracovanou konstrukc\u00ed!","url":"https:\/\/www.opac.cz\/pestra-nabidka-stahovacich-schodu-s-dumyslne-propracovanou-konstrukci\/","datePublished":"2022-09-19","dateModified":"2023-10-06","mainEntityOfPage":"https:\/\/www.opac.cz\/pestra-nabidka-stahovacich-schodu-s-dumyslne-propracovanou-konstrukci\/","author":{"@type":"Person","@id":"https:\/\/www.opac.cz\/author\/#Person","name":"","url":"https:\/\/www.opac.cz\/author\/","identifier":1,"image":{"@type":"ImageObject","@id":"https:\/\/secure.gravatar.com\/avatar\/c065076eb86551fdb70725c8063acf1b60a8edaed14ed654228c4cba13121c83?s=96&d=mm&r=g","url":"https:\/\/secure.gravatar.com\/avatar\/c065076eb86551fdb70725c8063acf1b60a8edaed14ed654228c4cba13121c83?s=96&d=mm&r=g","height":96,"width":96}},"publisher":{"@type":"Organization","name":"opac.cz","logo":{"@type":"ImageObject","@id":"\/logo.png","url":"\/logo.png","width":600,"height":60}},"image":null,"wordCount":440,"keywords":null},{"@type":"Article","@id":"https:\/\/www.opac.cz\/v-horskem-resortu-bukova-hora-je-krasne-i-v-lete\/","headline":"V horsk\u00e9m resortu Bukov\u00e1 hora je kr\u00e1sn\u011b i v l\u00e9t\u011b","url":"https:\/\/www.opac.cz\/v-horskem-resortu-bukova-hora-je-krasne-i-v-lete\/","datePublished":"2022-09-11","dateModified":"2023-05-06","mainEntityOfPage":"https:\/\/www.opac.cz\/v-horskem-resortu-bukova-hora-je-krasne-i-v-lete\/","author":{"@type":"Person","@id":"https:\/\/www.opac.cz\/author\/#Person","name":"","url":"https:\/\/www.opac.cz\/author\/","identifier":1,"image":{"@type":"ImageObject","@id":"https:\/\/secure.gravatar.com\/avatar\/c065076eb86551fdb70725c8063acf1b60a8edaed14ed654228c4cba13121c83?s=96&d=mm&r=g","url":"https:\/\/secure.gravatar.com\/avatar\/c065076eb86551fdb70725c8063acf1b60a8edaed14ed654228c4cba13121c83?s=96&d=mm&r=g","height":96,"width":96}},"publisher":{"@type":"Organization","name":"opac.cz","logo":{"@type":"ImageObject","@id":"\/logo.png","url":"\/logo.png","width":600,"height":60}},"image":{"@type":"ImageObject","@id":"https:\/\/www.opac.cz\/wp-content\/uploads\/dandelion-g6b610983b_640.jpg","url":"https:\/\/www.opac.cz\/wp-content\/uploads\/dandelion-g6b610983b_640.jpg","height":0,"width":0},"wordCount":677,"keywords":null}]},{"@context":"https:\/\/schema.org","@type":"WebSite","@id":"https:\/\/www.opac.cz\/#website","name":"Opac","url":"https:\/\/www.opac.cz","potentialAction":{"@type":"SearchAction","target":"https:\/\/www.opac.cz\/?s={search_term_string}","query-input":"required name=search_term_string"}}]