[{"@context":"https:\/\/schema.org\/","@type":"Blog","@id":"https:\/\/www.opac.cz#Blog","headline":"Opac","description":"\nNeklademe si za c\u00edl n\u011bkoho oklam\u00e1vat, d\u00e1vat mu fale\u0161n\u00e9 nad\u011bje nebo ho naopak zbyte\u010dn\u011b deptat. N\u00e1m jde o to, aby se ka\u017ed\u00fd dozv\u011bd\u011bl jen pravdu.","url":"https:\/\/www.opac.cz","hasPart":[{"@type":"Article","@id":"https:\/\/www.opac.cz\/dokazte-sve-konkurenci-ze-je-treba-s-vami-pocitat\/","headline":"Doka\u017ete sv\u00e9 konkurenci, \u017ee je t\u0159eba s v\u00e1mi po\u010d\u00edtat","url":"https:\/\/www.opac.cz\/dokazte-sve-konkurenci-ze-je-treba-s-vami-pocitat\/","datePublished":"2024-03-27","dateModified":"2024-03-27","mainEntityOfPage":"https:\/\/www.opac.cz\/dokazte-sve-konkurenci-ze-je-treba-s-vami-pocitat\/","author":{"@type":"Person","@id":"https:\/\/www.opac.cz\/author\/#Person","name":"","url":"https:\/\/www.opac.cz\/author\/","identifier":1,"image":{"@type":"ImageObject","@id":"https:\/\/secure.gravatar.com\/avatar\/c065076eb86551fdb70725c8063acf1b60a8edaed14ed654228c4cba13121c83?s=96&d=mm&r=g","url":"https:\/\/secure.gravatar.com\/avatar\/c065076eb86551fdb70725c8063acf1b60a8edaed14ed654228c4cba13121c83?s=96&d=mm&r=g","height":96,"width":96}},"publisher":{"@type":"Organization","name":"opac.cz","logo":{"@type":"ImageObject","@id":"\/logo.png","url":"\/logo.png","width":600,"height":60}},"image":null,"wordCount":289,"keywords":null},{"@type":"Article","@id":"https:\/\/www.opac.cz\/kovane-ploty-pro-vasi-spokojenost\/","headline":"Kovan\u00e9 ploty pro va\u0161i spokojenost","url":"https:\/\/www.opac.cz\/kovane-ploty-pro-vasi-spokojenost\/","datePublished":"2024-01-13","dateModified":"2024-01-13","mainEntityOfPage":"https:\/\/www.opac.cz\/kovane-ploty-pro-vasi-spokojenost\/","author":{"@type":"Person","@id":"https:\/\/www.opac.cz\/author\/#Person","name":"","url":"https:\/\/www.opac.cz\/author\/","identifier":1,"image":{"@type":"ImageObject","@id":"https:\/\/secure.gravatar.com\/avatar\/c065076eb86551fdb70725c8063acf1b60a8edaed14ed654228c4cba13121c83?s=96&d=mm&r=g","url":"https:\/\/secure.gravatar.com\/avatar\/c065076eb86551fdb70725c8063acf1b60a8edaed14ed654228c4cba13121c83?s=96&d=mm&r=g","height":96,"width":96}},"publisher":{"@type":"Organization","name":"opac.cz","logo":{"@type":"ImageObject","@id":"\/logo.png","url":"\/logo.png","width":600,"height":60}},"image":null,"wordCount":304,"keywords":null},{"@type":"Article","@id":"https:\/\/www.opac.cz\/mene-sexu-nemusi-byt-naporad\/","headline":"M\u00e9n\u011b sexu nemus\u00ed b\u00fdt napo\u0159\u00e1d","url":"https:\/\/www.opac.cz\/mene-sexu-nemusi-byt-naporad\/","datePublished":"2023-12-29","dateModified":"2024-05-28","mainEntityOfPage":"https:\/\/www.opac.cz\/mene-sexu-nemusi-byt-naporad\/","author":{"@type":"Person","@id":"https:\/\/www.opac.cz\/author\/#Person","name":"","url":"https:\/\/www.opac.cz\/author\/","identifier":1,"image":{"@type":"ImageObject","@id":"https:\/\/secure.gravatar.com\/avatar\/c065076eb86551fdb70725c8063acf1b60a8edaed14ed654228c4cba13121c83?s=96&d=mm&r=g","url":"https:\/\/secure.gravatar.com\/avatar\/c065076eb86551fdb70725c8063acf1b60a8edaed14ed654228c4cba13121c83?s=96&d=mm&r=g","height":96,"width":96}},"publisher":{"@type":"Organization","name":"opac.cz","logo":{"@type":"ImageObject","@id":"\/logo.png","url":"\/logo.png","width":600,"height":60}},"image":{"@type":"ImageObject","@id":"https:\/\/www.opac.cz\/wp-content\/uploads\/viagra-70398_640_10_10_10_10_10_10_10_10_2.jpg","url":"https:\/\/www.opac.cz\/wp-content\/uploads\/viagra-70398_640_10_10_10_10_10_10_10_10_2.jpg","height":0,"width":0},"wordCount":544,"keywords":null},{"@type":"Article","@id":"https:\/\/www.opac.cz\/kdyz-reklamni-predmet-tak-klicenka-na-krk\/","headline":"Kdy\u017e reklamn\u00ed p\u0159edm\u011bt, tak kl\u00ed\u010denka na krk","url":"https:\/\/www.opac.cz\/kdyz-reklamni-predmet-tak-klicenka-na-krk\/","datePublished":"2023-12-15","dateModified":"2024-02-12","mainEntityOfPage":"https:\/\/www.opac.cz\/kdyz-reklamni-predmet-tak-klicenka-na-krk\/","author":{"@type":"Person","@id":"https:\/\/www.opac.cz\/author\/#Person","name":"","url":"https:\/\/www.opac.cz\/author\/","identifier":1,"image":{"@type":"ImageObject","@id":"https:\/\/secure.gravatar.com\/avatar\/c065076eb86551fdb70725c8063acf1b60a8edaed14ed654228c4cba13121c83?s=96&d=mm&r=g","url":"https:\/\/secure.gravatar.com\/avatar\/c065076eb86551fdb70725c8063acf1b60a8edaed14ed654228c4cba13121c83?s=96&d=mm&r=g","height":96,"width":96}},"publisher":{"@type":"Organization","name":"opac.cz","logo":{"@type":"ImageObject","@id":"\/logo.png","url":"\/logo.png","width":600,"height":60}},"image":{"@type":"ImageObject","@id":"https:\/\/www.opac.cz\/wp-content\/uploads\/key-3497145_640.jpg","url":"https:\/\/www.opac.cz\/wp-content\/uploads\/key-3497145_640.jpg","height":0,"width":0},"wordCount":510,"keywords":null},{"@type":"Article","@id":"https:\/\/www.opac.cz\/objednejte-si-vybaveni-do-vasich-wellness-zarizeni\/","headline":"Objednejte si vybaven\u00ed do va\u0161ich wellness za\u0159\u00edzen\u00ed","url":"https:\/\/www.opac.cz\/objednejte-si-vybaveni-do-vasich-wellness-zarizeni\/","datePublished":"2023-12-04","dateModified":"2023-12-04","mainEntityOfPage":"https:\/\/www.opac.cz\/objednejte-si-vybaveni-do-vasich-wellness-zarizeni\/","author":{"@type":"Person","@id":"https:\/\/www.opac.cz\/author\/#Person","name":"","url":"https:\/\/www.opac.cz\/author\/","identifier":1,"image":{"@type":"ImageObject","@id":"https:\/\/secure.gravatar.com\/avatar\/c065076eb86551fdb70725c8063acf1b60a8edaed14ed654228c4cba13121c83?s=96&d=mm&r=g","url":"https:\/\/secure.gravatar.com\/avatar\/c065076eb86551fdb70725c8063acf1b60a8edaed14ed654228c4cba13121c83?s=96&d=mm&r=g","height":96,"width":96}},"publisher":{"@type":"Organization","name":"opac.cz","logo":{"@type":"ImageObject","@id":"\/logo.png","url":"\/logo.png","width":600,"height":60}},"image":null,"wordCount":202,"keywords":null},{"@type":"Article","@id":"https:\/\/www.opac.cz\/dokonala-grafika\/","headline":"Dokonal\u00e1 grafika","url":"https:\/\/www.opac.cz\/dokonala-grafika\/","datePublished":"2023-11-13","dateModified":"2023-12-18","mainEntityOfPage":"https:\/\/www.opac.cz\/dokonala-grafika\/","author":{"@type":"Person","@id":"https:\/\/www.opac.cz\/author\/#Person","name":"","url":"https:\/\/www.opac.cz\/author\/","identifier":1,"image":{"@type":"ImageObject","@id":"https:\/\/secure.gravatar.com\/avatar\/c065076eb86551fdb70725c8063acf1b60a8edaed14ed654228c4cba13121c83?s=96&d=mm&r=g","url":"https:\/\/secure.gravatar.com\/avatar\/c065076eb86551fdb70725c8063acf1b60a8edaed14ed654228c4cba13121c83?s=96&d=mm&r=g","height":96,"width":96}},"publisher":{"@type":"Organization","name":"opac.cz","logo":{"@type":"ImageObject","@id":"\/logo.png","url":"\/logo.png","width":600,"height":60}},"image":{"@type":"ImageObject","@id":"https:\/\/www.opac.cz\/wp-content\/uploads\/genoa-1738159_1280.jpg","url":"https:\/\/www.opac.cz\/wp-content\/uploads\/genoa-1738159_1280.jpg","height":0,"width":0},"wordCount":510,"keywords":null},{"@type":"Article","@id":"https:\/\/www.opac.cz\/rucne-malovane-obrazy-feng-shui-budou-vhodnym-darkem-pro-vasi-manzelku\/","headline":"Ru\u010dn\u011b malovan\u00e9 obrazy feng shui budou vhodn\u00fdm d\u00e1rkem pro Va\u0161i man\u017eelku","url":"https:\/\/www.opac.cz\/rucne-malovane-obrazy-feng-shui-budou-vhodnym-darkem-pro-vasi-manzelku\/","datePublished":"2023-10-30","dateModified":"2023-10-30","mainEntityOfPage":"https:\/\/www.opac.cz\/rucne-malovane-obrazy-feng-shui-budou-vhodnym-darkem-pro-vasi-manzelku\/","author":{"@type":"Person","@id":"https:\/\/www.opac.cz\/author\/#Person","name":"","url":"https:\/\/www.opac.cz\/author\/","identifier":1,"image":{"@type":"ImageObject","@id":"https:\/\/secure.gravatar.com\/avatar\/c065076eb86551fdb70725c8063acf1b60a8edaed14ed654228c4cba13121c83?s=96&d=mm&r=g","url":"https:\/\/secure.gravatar.com\/avatar\/c065076eb86551fdb70725c8063acf1b60a8edaed14ed654228c4cba13121c83?s=96&d=mm&r=g","height":96,"width":96}},"publisher":{"@type":"Organization","name":"opac.cz","logo":{"@type":"ImageObject","@id":"\/logo.png","url":"\/logo.png","width":600,"height":60}},"image":null,"wordCount":279,"keywords":null},{"@type":"Article","@id":"https:\/\/www.opac.cz\/aby-dobre-slouzila\/","headline":"Aby dob\u0159e slou\u017eila","url":"https:\/\/www.opac.cz\/aby-dobre-slouzila\/","datePublished":"2023-09-19","dateModified":"2023-09-19","mainEntityOfPage":"https:\/\/www.opac.cz\/aby-dobre-slouzila\/","author":{"@type":"Person","@id":"https:\/\/www.opac.cz\/author\/#Person","name":"","url":"https:\/\/www.opac.cz\/author\/","identifier":1,"image":{"@type":"ImageObject","@id":"https:\/\/secure.gravatar.com\/avatar\/c065076eb86551fdb70725c8063acf1b60a8edaed14ed654228c4cba13121c83?s=96&d=mm&r=g","url":"https:\/\/secure.gravatar.com\/avatar\/c065076eb86551fdb70725c8063acf1b60a8edaed14ed654228c4cba13121c83?s=96&d=mm&r=g","height":96,"width":96}},"publisher":{"@type":"Organization","name":"opac.cz","logo":{"@type":"ImageObject","@id":"\/logo.png","url":"\/logo.png","width":600,"height":60}},"image":null,"wordCount":292,"keywords":null},{"@type":"Article","@id":"https:\/\/www.opac.cz\/neco-pro-pokrocile\/","headline":"N\u011bco pro pokro\u010dil\u00e9","url":"https:\/\/www.opac.cz\/neco-pro-pokrocile\/","datePublished":"2023-08-15","dateModified":"2023-08-15","mainEntityOfPage":"https:\/\/www.opac.cz\/neco-pro-pokrocile\/","author":{"@type":"Person","@id":"https:\/\/www.opac.cz\/author\/#Person","name":"","url":"https:\/\/www.opac.cz\/author\/","identifier":1,"image":{"@type":"ImageObject","@id":"https:\/\/secure.gravatar.com\/avatar\/c065076eb86551fdb70725c8063acf1b60a8edaed14ed654228c4cba13121c83?s=96&d=mm&r=g","url":"https:\/\/secure.gravatar.com\/avatar\/c065076eb86551fdb70725c8063acf1b60a8edaed14ed654228c4cba13121c83?s=96&d=mm&r=g","height":96,"width":96}},"publisher":{"@type":"Organization","name":"opac.cz","logo":{"@type":"ImageObject","@id":"\/logo.png","url":"\/logo.png","width":600,"height":60}},"image":null,"wordCount":310,"keywords":null},{"@type":"Article","@id":"https:\/\/www.opac.cz\/pece-o-telo-se-neomezuje-jen-na-pohyb-a-zdrava-jidla\/","headline":"P\u00e9\u010de o t\u011blo se neomezuje jen na pohyb a zdrav\u00e1 j\u00eddla","url":"https:\/\/www.opac.cz\/pece-o-telo-se-neomezuje-jen-na-pohyb-a-zdrava-jidla\/","datePublished":"2023-07-06","dateModified":"2023-07-06","mainEntityOfPage":"https:\/\/www.opac.cz\/pece-o-telo-se-neomezuje-jen-na-pohyb-a-zdrava-jidla\/","author":{"@type":"Person","@id":"https:\/\/www.opac.cz\/author\/#Person","name":"","url":"https:\/\/www.opac.cz\/author\/","identifier":1,"image":{"@type":"ImageObject","@id":"https:\/\/secure.gravatar.com\/avatar\/c065076eb86551fdb70725c8063acf1b60a8edaed14ed654228c4cba13121c83?s=96&d=mm&r=g","url":"https:\/\/secure.gravatar.com\/avatar\/c065076eb86551fdb70725c8063acf1b60a8edaed14ed654228c4cba13121c83?s=96&d=mm&r=g","height":96,"width":96}},"publisher":{"@type":"Organization","name":"opac.cz","logo":{"@type":"ImageObject","@id":"\/logo.png","url":"\/logo.png","width":600,"height":60}},"image":null,"wordCount":296,"keywords":null}]},{"@context":"https:\/\/schema.org","@type":"WebSite","@id":"https:\/\/www.opac.cz\/#website","name":"Opac","url":"https:\/\/www.opac.cz","potentialAction":{"@type":"SearchAction","target":"https:\/\/www.opac.cz\/?s={search_term_string}","query-input":"required name=search_term_string"}}]