[{"@context":"https:\/\/schema.org\/","@type":"Blog","@id":"https:\/\/www.opac.cz#Blog","headline":"Opac","description":"\nNeklademe si za c\u00edl n\u011bkoho oklam\u00e1vat, d\u00e1vat mu fale\u0161n\u00e9 nad\u011bje nebo ho naopak zbyte\u010dn\u011b deptat. N\u00e1m jde o to, aby se ka\u017ed\u00fd dozv\u011bd\u011bl jen pravdu.","url":"https:\/\/www.opac.cz","hasPart":[{"@type":"Article","@id":"https:\/\/www.opac.cz\/vzhled-na-prvnim-miste\/","headline":"Vzhled na prvn\u00edm m\u00edst\u011b","url":"https:\/\/www.opac.cz\/vzhled-na-prvnim-miste\/","datePublished":"2019-01-12","dateModified":"2023-05-06","mainEntityOfPage":"https:\/\/www.opac.cz\/vzhled-na-prvnim-miste\/","author":{"@type":"Person","@id":"https:\/\/www.opac.cz\/author\/#Person","name":"","url":"https:\/\/www.opac.cz\/author\/","identifier":1,"image":{"@type":"ImageObject","@id":"https:\/\/secure.gravatar.com\/avatar\/c065076eb86551fdb70725c8063acf1b60a8edaed14ed654228c4cba13121c83?s=96&d=mm&r=g","url":"https:\/\/secure.gravatar.com\/avatar\/c065076eb86551fdb70725c8063acf1b60a8edaed14ed654228c4cba13121c83?s=96&d=mm&r=g","height":96,"width":96}},"publisher":{"@type":"Organization","name":"opac.cz","logo":{"@type":"ImageObject","@id":"\/logo.png","url":"\/logo.png","width":600,"height":60}},"image":{"@type":"ImageObject","@id":"https:\/\/www.opac.cz\/wp-content\/uploads\/img_a335423_w2700_t1548691148.jpg","url":"https:\/\/www.opac.cz\/wp-content\/uploads\/img_a335423_w2700_t1548691148.jpg","height":0,"width":0},"wordCount":4529,"keywords":null},{"@type":"Article","@id":"https:\/\/www.opac.cz\/low-cost-dovolena\/","headline":"Low cost dovolen\u00e1","url":"https:\/\/www.opac.cz\/low-cost-dovolena\/","datePublished":"2019-01-04","dateModified":"2023-05-06","mainEntityOfPage":"https:\/\/www.opac.cz\/low-cost-dovolena\/","author":{"@type":"Person","@id":"https:\/\/www.opac.cz\/author\/#Person","name":"","url":"https:\/\/www.opac.cz\/author\/","identifier":1,"image":{"@type":"ImageObject","@id":"https:\/\/secure.gravatar.com\/avatar\/c065076eb86551fdb70725c8063acf1b60a8edaed14ed654228c4cba13121c83?s=96&d=mm&r=g","url":"https:\/\/secure.gravatar.com\/avatar\/c065076eb86551fdb70725c8063acf1b60a8edaed14ed654228c4cba13121c83?s=96&d=mm&r=g","height":96,"width":96}},"publisher":{"@type":"Organization","name":"opac.cz","logo":{"@type":"ImageObject","@id":"\/logo.png","url":"\/logo.png","width":600,"height":60}},"image":{"@type":"ImageObject","@id":"https:\/\/www.opac.cz\/wp-content\/uploads\/img_a335256_w2548_t1548621811.jpg","url":"https:\/\/www.opac.cz\/wp-content\/uploads\/img_a335256_w2548_t1548621811.jpg","height":0,"width":0},"wordCount":459,"keywords":null},{"@type":"Article","@id":"https:\/\/www.opac.cz\/je-treba-devet-let\/","headline":"Je t\u0159eba dev\u011bt let?","url":"https:\/\/www.opac.cz\/je-treba-devet-let\/","datePublished":"2018-12-07","dateModified":"2023-05-06","mainEntityOfPage":"https:\/\/www.opac.cz\/je-treba-devet-let\/","author":{"@type":"Person","@id":"https:\/\/www.opac.cz\/author\/#Person","name":"","url":"https:\/\/www.opac.cz\/author\/","identifier":1,"image":{"@type":"ImageObject","@id":"https:\/\/secure.gravatar.com\/avatar\/c065076eb86551fdb70725c8063acf1b60a8edaed14ed654228c4cba13121c83?s=96&d=mm&r=g","url":"https:\/\/secure.gravatar.com\/avatar\/c065076eb86551fdb70725c8063acf1b60a8edaed14ed654228c4cba13121c83?s=96&d=mm&r=g","height":96,"width":96}},"publisher":{"@type":"Organization","name":"opac.cz","logo":{"@type":"ImageObject","@id":"\/logo.png","url":"\/logo.png","width":600,"height":60}},"image":{"@type":"ImageObject","@id":"https:\/\/www.opac.cz\/wp-content\/uploads\/img_a332919_w2700_t1546027829.jpg","url":"https:\/\/www.opac.cz\/wp-content\/uploads\/img_a332919_w2700_t1546027829.jpg","height":0,"width":0},"wordCount":614,"keywords":null},{"@type":"Article","@id":"https:\/\/www.opac.cz\/nejlepsi-hypoteka\/","headline":"Nejlep\u0161\u00ed hypot\u00e9ka","url":"https:\/\/www.opac.cz\/nejlepsi-hypoteka\/","datePublished":"2018-11-04","dateModified":"2023-05-06","mainEntityOfPage":"https:\/\/www.opac.cz\/nejlepsi-hypoteka\/","author":{"@type":"Person","@id":"https:\/\/www.opac.cz\/author\/#Person","name":"","url":"https:\/\/www.opac.cz\/author\/","identifier":1,"image":{"@type":"ImageObject","@id":"https:\/\/secure.gravatar.com\/avatar\/c065076eb86551fdb70725c8063acf1b60a8edaed14ed654228c4cba13121c83?s=96&d=mm&r=g","url":"https:\/\/secure.gravatar.com\/avatar\/c065076eb86551fdb70725c8063acf1b60a8edaed14ed654228c4cba13121c83?s=96&d=mm&r=g","height":96,"width":96}},"publisher":{"@type":"Organization","name":"opac.cz","logo":{"@type":"ImageObject","@id":"\/logo.png","url":"\/logo.png","width":600,"height":60}},"image":{"@type":"ImageObject","@id":"https:\/\/www.opac.cz\/wp-content\/uploads\/img_a330126_w2600_t1542697544.jpg","url":"https:\/\/www.opac.cz\/wp-content\/uploads\/img_a330126_w2600_t1542697544.jpg","height":0,"width":0},"wordCount":527,"keywords":null},{"@type":"Article","@id":"https:\/\/www.opac.cz\/jednoduche-ale-genialni-zapinani\/","headline":"Jednoduch\u00e9, ale geni\u00e1ln\u00ed zap\u00edn\u00e1n\u00ed","url":"https:\/\/www.opac.cz\/jednoduche-ale-genialni-zapinani\/","datePublished":"2018-11-01","dateModified":"2023-05-06","mainEntityOfPage":"https:\/\/www.opac.cz\/jednoduche-ale-genialni-zapinani\/","author":{"@type":"Person","@id":"https:\/\/www.opac.cz\/author\/#Person","name":"","url":"https:\/\/www.opac.cz\/author\/","identifier":1,"image":{"@type":"ImageObject","@id":"https:\/\/secure.gravatar.com\/avatar\/c065076eb86551fdb70725c8063acf1b60a8edaed14ed654228c4cba13121c83?s=96&d=mm&r=g","url":"https:\/\/secure.gravatar.com\/avatar\/c065076eb86551fdb70725c8063acf1b60a8edaed14ed654228c4cba13121c83?s=96&d=mm&r=g","height":96,"width":96}},"publisher":{"@type":"Organization","name":"opac.cz","logo":{"@type":"ImageObject","@id":"\/logo.png","url":"\/logo.png","width":600,"height":60}},"image":{"@type":"ImageObject","@id":"https:\/\/www.opac.cz\/wp-content\/uploads\/img_a330576_w1743_t1543091187.jpg","url":"https:\/\/www.opac.cz\/wp-content\/uploads\/img_a330576_w1743_t1543091187.jpg","height":0,"width":0},"wordCount":537,"keywords":null},{"@type":"Article","@id":"https:\/\/www.opac.cz\/kvalitni-i-esteticke-zasuvky-schneider\/","headline":"Kvalitn\u00ed i estetick\u00e9 z\u00e1suvky Schneider","url":"https:\/\/www.opac.cz\/kvalitni-i-esteticke-zasuvky-schneider\/","datePublished":"2018-10-21","dateModified":"2023-05-06","mainEntityOfPage":"https:\/\/www.opac.cz\/kvalitni-i-esteticke-zasuvky-schneider\/","author":{"@type":"Person","@id":"https:\/\/www.opac.cz\/author\/#Person","name":"","url":"https:\/\/www.opac.cz\/author\/","identifier":1,"image":{"@type":"ImageObject","@id":"https:\/\/secure.gravatar.com\/avatar\/c065076eb86551fdb70725c8063acf1b60a8edaed14ed654228c4cba13121c83?s=96&d=mm&r=g","url":"https:\/\/secure.gravatar.com\/avatar\/c065076eb86551fdb70725c8063acf1b60a8edaed14ed654228c4cba13121c83?s=96&d=mm&r=g","height":96,"width":96}},"publisher":{"@type":"Organization","name":"opac.cz","logo":{"@type":"ImageObject","@id":"\/logo.png","url":"\/logo.png","width":600,"height":60}},"image":{"@type":"ImageObject","@id":"https:\/\/www.opac.cz\/wp-content\/uploads\/img_a327903_w1702_t1540370392.jpg","url":"https:\/\/www.opac.cz\/wp-content\/uploads\/img_a327903_w1702_t1540370392.jpg","height":0,"width":0},"wordCount":482,"keywords":null},{"@type":"Article","@id":"https:\/\/www.opac.cz\/jak-je-na-tom-vyuzivani-internetu-a-mobilnich-siti-v-cesku\/","headline":"Jak je na tom vyu\u017e\u00edv\u00e1n\u00ed Internetu a mobiln\u00edch s\u00edt\u00ed v \u010cesku?","url":"https:\/\/www.opac.cz\/jak-je-na-tom-vyuzivani-internetu-a-mobilnich-siti-v-cesku\/","datePublished":"2018-09-01","dateModified":"2023-05-06","mainEntityOfPage":"https:\/\/www.opac.cz\/jak-je-na-tom-vyuzivani-internetu-a-mobilnich-siti-v-cesku\/","author":{"@type":"Person","@id":"https:\/\/www.opac.cz\/author\/#Person","name":"","url":"https:\/\/www.opac.cz\/author\/","identifier":1,"image":{"@type":"ImageObject","@id":"https:\/\/secure.gravatar.com\/avatar\/c065076eb86551fdb70725c8063acf1b60a8edaed14ed654228c4cba13121c83?s=96&d=mm&r=g","url":"https:\/\/secure.gravatar.com\/avatar\/c065076eb86551fdb70725c8063acf1b60a8edaed14ed654228c4cba13121c83?s=96&d=mm&r=g","height":96,"width":96}},"publisher":{"@type":"Organization","name":"opac.cz","logo":{"@type":"ImageObject","@id":"\/logo.png","url":"\/logo.png","width":600,"height":60}},"image":{"@type":"ImageObject","@id":"https:\/\/www.opac.cz\/wp-content\/uploads\/img_a325101_w2700_t1537015467.jpg","url":"https:\/\/www.opac.cz\/wp-content\/uploads\/img_a325101_w2700_t1537015467.jpg","height":0,"width":0},"wordCount":471,"keywords":null},{"@type":"Article","@id":"https:\/\/www.opac.cz\/vybirejte-bez-starosti\/","headline":"Vyb\u00edrejte bez starost\u00ed","url":"https:\/\/www.opac.cz\/vybirejte-bez-starosti\/","datePublished":"2018-08-18","dateModified":"2023-05-06","mainEntityOfPage":"https:\/\/www.opac.cz\/vybirejte-bez-starosti\/","author":{"@type":"Person","@id":"https:\/\/www.opac.cz\/author\/#Person","name":"","url":"https:\/\/www.opac.cz\/author\/","identifier":1,"image":{"@type":"ImageObject","@id":"https:\/\/secure.gravatar.com\/avatar\/c065076eb86551fdb70725c8063acf1b60a8edaed14ed654228c4cba13121c83?s=96&d=mm&r=g","url":"https:\/\/secure.gravatar.com\/avatar\/c065076eb86551fdb70725c8063acf1b60a8edaed14ed654228c4cba13121c83?s=96&d=mm&r=g","height":96,"width":96}},"publisher":{"@type":"Organization","name":"opac.cz","logo":{"@type":"ImageObject","@id":"\/logo.png","url":"\/logo.png","width":600,"height":60}},"image":{"@type":"ImageObject","@id":"https:\/\/www.opac.cz\/wp-content\/uploads\/img_a323590_w2345_t1535355762.jpg","url":"https:\/\/www.opac.cz\/wp-content\/uploads\/img_a323590_w2345_t1535355762.jpg","height":0,"width":0},"wordCount":483,"keywords":null},{"@type":"Article","@id":"https:\/\/www.opac.cz\/jak-unosit-barevnou-kabelku\/","headline":"Jak (u)nosit barevnou kabelku","url":"https:\/\/www.opac.cz\/jak-unosit-barevnou-kabelku\/","datePublished":"2018-08-13","dateModified":"2023-05-06","mainEntityOfPage":"https:\/\/www.opac.cz\/jak-unosit-barevnou-kabelku\/","author":{"@type":"Person","@id":"https:\/\/www.opac.cz\/author\/#Person","name":"","url":"https:\/\/www.opac.cz\/author\/","identifier":1,"image":{"@type":"ImageObject","@id":"https:\/\/secure.gravatar.com\/avatar\/c065076eb86551fdb70725c8063acf1b60a8edaed14ed654228c4cba13121c83?s=96&d=mm&r=g","url":"https:\/\/secure.gravatar.com\/avatar\/c065076eb86551fdb70725c8063acf1b60a8edaed14ed654228c4cba13121c83?s=96&d=mm&r=g","height":96,"width":96}},"publisher":{"@type":"Organization","name":"opac.cz","logo":{"@type":"ImageObject","@id":"\/logo.png","url":"\/logo.png","width":600,"height":60}},"image":{"@type":"ImageObject","@id":"https:\/\/www.opac.cz\/wp-content\/uploads\/img_a322543_w2700_t1534234230.jpg","url":"https:\/\/www.opac.cz\/wp-content\/uploads\/img_a322543_w2700_t1534234230.jpg","height":0,"width":0},"wordCount":535,"keywords":null},{"@type":"Article","@id":"https:\/\/www.opac.cz\/narodni-jidla-napric-evropou\/","headline":"N\u00e1rodn\u00ed j\u00eddla nap\u0159\u00ed\u010d Evropou","url":"https:\/\/www.opac.cz\/narodni-jidla-napric-evropou\/","datePublished":"2018-08-04","dateModified":"2023-05-06","mainEntityOfPage":"https:\/\/www.opac.cz\/narodni-jidla-napric-evropou\/","author":{"@type":"Person","@id":"https:\/\/www.opac.cz\/author\/#Person","name":"","url":"https:\/\/www.opac.cz\/author\/","identifier":1,"image":{"@type":"ImageObject","@id":"https:\/\/secure.gravatar.com\/avatar\/c065076eb86551fdb70725c8063acf1b60a8edaed14ed654228c4cba13121c83?s=96&d=mm&r=g","url":"https:\/\/secure.gravatar.com\/avatar\/c065076eb86551fdb70725c8063acf1b60a8edaed14ed654228c4cba13121c83?s=96&d=mm&r=g","height":96,"width":96}},"publisher":{"@type":"Organization","name":"opac.cz","logo":{"@type":"ImageObject","@id":"\/logo.png","url":"\/logo.png","width":600,"height":60}},"image":{"@type":"ImageObject","@id":"https:\/\/www.opac.cz\/wp-content\/uploads\/img_a322302_w2596_t1533882817.jpg","url":"https:\/\/www.opac.cz\/wp-content\/uploads\/img_a322302_w2596_t1533882817.jpg","height":0,"width":0},"wordCount":650,"keywords":null}]},{"@context":"https:\/\/schema.org","@type":"WebSite","@id":"https:\/\/www.opac.cz\/#website","name":"Opac","url":"https:\/\/www.opac.cz","potentialAction":{"@type":"SearchAction","target":"https:\/\/www.opac.cz\/?s={search_term_string}","query-input":"required name=search_term_string"}}]