[{"@context":"https:\/\/schema.org\/","@type":"Blog","@id":"https:\/\/www.opac.cz#Blog","headline":"Opac","description":"\nNeklademe si za c\u00edl n\u011bkoho oklam\u00e1vat, d\u00e1vat mu fale\u0161n\u00e9 nad\u011bje nebo ho naopak zbyte\u010dn\u011b deptat. N\u00e1m jde o to, aby se ka\u017ed\u00fd dozv\u011bd\u011bl jen pravdu.","url":"https:\/\/www.opac.cz","hasPart":[{"@type":"Article","@id":"https:\/\/www.opac.cz\/vyrazte-do-spolecnosti-s-novymi-saty\/","headline":"Vyrazte do spole\u010dnosti s nov\u00fdmi \u0161aty","url":"https:\/\/www.opac.cz\/vyrazte-do-spolecnosti-s-novymi-saty\/","datePublished":"2021-01-17","dateModified":"2023-05-06","mainEntityOfPage":"https:\/\/www.opac.cz\/vyrazte-do-spolecnosti-s-novymi-saty\/","author":{"@type":"Person","@id":"https:\/\/www.opac.cz\/author\/#Person","name":"","url":"https:\/\/www.opac.cz\/author\/","identifier":1,"image":{"@type":"ImageObject","@id":"https:\/\/secure.gravatar.com\/avatar\/c065076eb86551fdb70725c8063acf1b60a8edaed14ed654228c4cba13121c83?s=96&d=mm&r=g","url":"https:\/\/secure.gravatar.com\/avatar\/c065076eb86551fdb70725c8063acf1b60a8edaed14ed654228c4cba13121c83?s=96&d=mm&r=g","height":96,"width":96}},"publisher":{"@type":"Organization","name":"opac.cz","logo":{"@type":"ImageObject","@id":"\/logo.png","url":"\/logo.png","width":600,"height":60}},"image":{"@type":"ImageObject","@id":"https:\/\/www.opac.cz\/wp-content\/uploads\/dom%C3%A1c%C3%AD%20tepl%C3%A1ky.jpg","url":"https:\/\/www.opac.cz\/wp-content\/uploads\/dom%C3%A1c%C3%AD%20tepl%C3%A1ky.jpg","height":0,"width":0},"wordCount":499,"keywords":null},{"@type":"Article","@id":"https:\/\/www.opac.cz\/jak-na-krasne-a-huste-oboci\/","headline":"Jak na kr\u00e1sn\u00e9 a hust\u00e9 obo\u010d\u00ed","url":"https:\/\/www.opac.cz\/jak-na-krasne-a-huste-oboci\/","datePublished":"2020-12-14","dateModified":"2023-05-06","mainEntityOfPage":"https:\/\/www.opac.cz\/jak-na-krasne-a-huste-oboci\/","author":{"@type":"Person","@id":"https:\/\/www.opac.cz\/author\/#Person","name":"","url":"https:\/\/www.opac.cz\/author\/","identifier":1,"image":{"@type":"ImageObject","@id":"https:\/\/secure.gravatar.com\/avatar\/c065076eb86551fdb70725c8063acf1b60a8edaed14ed654228c4cba13121c83?s=96&d=mm&r=g","url":"https:\/\/secure.gravatar.com\/avatar\/c065076eb86551fdb70725c8063acf1b60a8edaed14ed654228c4cba13121c83?s=96&d=mm&r=g","height":96,"width":96}},"publisher":{"@type":"Organization","name":"opac.cz","logo":{"@type":"ImageObject","@id":"\/logo.png","url":"\/logo.png","width":600,"height":60}},"image":{"@type":"ImageObject","@id":"https:\/\/www.opac.cz\/wp-content\/uploads\/l%C3%AD%C4%8Den%C3%AD%20o%C4%8D%C3%AD.png","url":"https:\/\/www.opac.cz\/wp-content\/uploads\/l%C3%AD%C4%8Den%C3%AD%20o%C4%8D%C3%AD.png","height":0,"width":0},"wordCount":562,"keywords":null},{"@type":"Article","@id":"https:\/\/www.opac.cz\/uvolnete-se-za-pritomnosti-krasne-slecny\/","headline":"Uvoln\u011bte se za p\u0159\u00edtomnosti kr\u00e1sn\u00e9 sle\u010dny","url":"https:\/\/www.opac.cz\/uvolnete-se-za-pritomnosti-krasne-slecny\/","datePublished":"2020-12-14","dateModified":"2023-05-06","mainEntityOfPage":"https:\/\/www.opac.cz\/uvolnete-se-za-pritomnosti-krasne-slecny\/","author":{"@type":"Person","@id":"https:\/\/www.opac.cz\/author\/#Person","name":"","url":"https:\/\/www.opac.cz\/author\/","identifier":1,"image":{"@type":"ImageObject","@id":"https:\/\/secure.gravatar.com\/avatar\/c065076eb86551fdb70725c8063acf1b60a8edaed14ed654228c4cba13121c83?s=96&d=mm&r=g","url":"https:\/\/secure.gravatar.com\/avatar\/c065076eb86551fdb70725c8063acf1b60a8edaed14ed654228c4cba13121c83?s=96&d=mm&r=g","height":96,"width":96}},"publisher":{"@type":"Organization","name":"opac.cz","logo":{"@type":"ImageObject","@id":"\/logo.png","url":"\/logo.png","width":600,"height":60}},"image":{"@type":"ImageObject","@id":"https:\/\/www.opac.cz\/wp-content\/uploads\/mas%C3%A1%C5%BE%20%C5%BEeny_1.jpg","url":"https:\/\/www.opac.cz\/wp-content\/uploads\/mas%C3%A1%C5%BE%20%C5%BEeny_1.jpg","height":0,"width":0},"wordCount":623,"keywords":null},{"@type":"Article","@id":"https:\/\/www.opac.cz\/zabradli-patri-ke-kazdemu-schodisti\/","headline":"Z\u00e1bradl\u00ed pat\u0159\u00ed ke ka\u017ed\u00e9mu schodi\u0161ti","url":"https:\/\/www.opac.cz\/zabradli-patri-ke-kazdemu-schodisti\/","datePublished":"2020-11-20","dateModified":"2023-05-06","mainEntityOfPage":"https:\/\/www.opac.cz\/zabradli-patri-ke-kazdemu-schodisti\/","author":{"@type":"Person","@id":"https:\/\/www.opac.cz\/author\/#Person","name":"","url":"https:\/\/www.opac.cz\/author\/","identifier":1,"image":{"@type":"ImageObject","@id":"https:\/\/secure.gravatar.com\/avatar\/c065076eb86551fdb70725c8063acf1b60a8edaed14ed654228c4cba13121c83?s=96&d=mm&r=g","url":"https:\/\/secure.gravatar.com\/avatar\/c065076eb86551fdb70725c8063acf1b60a8edaed14ed654228c4cba13121c83?s=96&d=mm&r=g","height":96,"width":96}},"publisher":{"@type":"Organization","name":"opac.cz","logo":{"@type":"ImageObject","@id":"\/logo.png","url":"\/logo.png","width":600,"height":60}},"image":{"@type":"ImageObject","@id":"https:\/\/www.opac.cz\/wp-content\/uploads\/z%C3%A1bradl%C3%AD_2.jpg","url":"https:\/\/www.opac.cz\/wp-content\/uploads\/z%C3%A1bradl%C3%AD_2.jpg","height":0,"width":0},"wordCount":612,"keywords":null},{"@type":"Article","@id":"https:\/\/www.opac.cz\/zdroj-hudby-muze-byt-vselijaky\/","headline":"Zdroj hudby m\u016f\u017ee b\u00fdt v\u0161elijak\u00fd","url":"https:\/\/www.opac.cz\/zdroj-hudby-muze-byt-vselijaky\/","datePublished":"2020-11-05","dateModified":"2023-08-15","mainEntityOfPage":"https:\/\/www.opac.cz\/zdroj-hudby-muze-byt-vselijaky\/","author":{"@type":"Person","@id":"https:\/\/www.opac.cz\/author\/#Person","name":"","url":"https:\/\/www.opac.cz\/author\/","identifier":1,"image":{"@type":"ImageObject","@id":"https:\/\/secure.gravatar.com\/avatar\/c065076eb86551fdb70725c8063acf1b60a8edaed14ed654228c4cba13121c83?s=96&d=mm&r=g","url":"https:\/\/secure.gravatar.com\/avatar\/c065076eb86551fdb70725c8063acf1b60a8edaed14ed654228c4cba13121c83?s=96&d=mm&r=g","height":96,"width":96}},"publisher":{"@type":"Organization","name":"opac.cz","logo":{"@type":"ImageObject","@id":"\/logo.png","url":"\/logo.png","width":600,"height":60}},"image":{"@type":"ImageObject","@id":"https:\/\/www.opac.cz\/wp-content\/uploads\/youtube-1007076_640.jpg","url":"https:\/\/www.opac.cz\/wp-content\/uploads\/youtube-1007076_640.jpg","height":0,"width":0},"wordCount":667,"keywords":null},{"@type":"Article","@id":"https:\/\/www.opac.cz\/koupe-bytu-vas-nemusi-nutne-zruinovat\/","headline":"Koup\u011b bytu v\u00e1s nemus\u00ed nutn\u011b zruinovat","url":"https:\/\/www.opac.cz\/koupe-bytu-vas-nemusi-nutne-zruinovat\/","datePublished":"2020-10-19","dateModified":"2023-05-06","mainEntityOfPage":"https:\/\/www.opac.cz\/koupe-bytu-vas-nemusi-nutne-zruinovat\/","author":{"@type":"Person","@id":"https:\/\/www.opac.cz\/author\/#Person","name":"","url":"https:\/\/www.opac.cz\/author\/","identifier":1,"image":{"@type":"ImageObject","@id":"https:\/\/secure.gravatar.com\/avatar\/c065076eb86551fdb70725c8063acf1b60a8edaed14ed654228c4cba13121c83?s=96&d=mm&r=g","url":"https:\/\/secure.gravatar.com\/avatar\/c065076eb86551fdb70725c8063acf1b60a8edaed14ed654228c4cba13121c83?s=96&d=mm&r=g","height":96,"width":96}},"publisher":{"@type":"Organization","name":"opac.cz","logo":{"@type":"ImageObject","@id":"\/logo.png","url":"\/logo.png","width":600,"height":60}},"image":{"@type":"ImageObject","@id":"https:\/\/www.opac.cz\/wp-content\/uploads\/Bydlen%C3%AD%20za%20p%C3%A1r%20korun.jpg","url":"https:\/\/www.opac.cz\/wp-content\/uploads\/Bydlen%C3%AD%20za%20p%C3%A1r%20korun.jpg","height":0,"width":0},"wordCount":611,"keywords":null},{"@type":"Article","@id":"https:\/\/www.opac.cz\/termopradlo-panske-craft\/","headline":"Termopr\u00e1dlo p\u00e1nsk\u00e9 Craft","url":"https:\/\/www.opac.cz\/termopradlo-panske-craft\/","datePublished":"2020-10-19","dateModified":"2023-05-06","mainEntityOfPage":"https:\/\/www.opac.cz\/termopradlo-panske-craft\/","author":{"@type":"Person","@id":"https:\/\/www.opac.cz\/author\/#Person","name":"","url":"https:\/\/www.opac.cz\/author\/","identifier":1,"image":{"@type":"ImageObject","@id":"https:\/\/secure.gravatar.com\/avatar\/c065076eb86551fdb70725c8063acf1b60a8edaed14ed654228c4cba13121c83?s=96&d=mm&r=g","url":"https:\/\/secure.gravatar.com\/avatar\/c065076eb86551fdb70725c8063acf1b60a8edaed14ed654228c4cba13121c83?s=96&d=mm&r=g","height":96,"width":96}},"publisher":{"@type":"Organization","name":"opac.cz","logo":{"@type":"ImageObject","@id":"\/logo.png","url":"\/logo.png","width":600,"height":60}},"image":{"@type":"ImageObject","@id":"https:\/\/www.opac.cz\/wp-content\/uploads\/%C4%8Dlov%C4%9Bk%20a%20zima.png","url":"https:\/\/www.opac.cz\/wp-content\/uploads\/%C4%8Dlov%C4%9Bk%20a%20zima.png","height":0,"width":0},"wordCount":1197,"keywords":null},{"@type":"Article","@id":"https:\/\/www.opac.cz\/bezpecna-preprava-zbozi\/","headline":"Bezpe\u010dn\u00e1 p\u0159eprava zbo\u017e\u00ed","url":"https:\/\/www.opac.cz\/bezpecna-preprava-zbozi\/","datePublished":"2020-10-19","dateModified":"2023-05-06","mainEntityOfPage":"https:\/\/www.opac.cz\/bezpecna-preprava-zbozi\/","author":{"@type":"Person","@id":"https:\/\/www.opac.cz\/author\/#Person","name":"","url":"https:\/\/www.opac.cz\/author\/","identifier":1,"image":{"@type":"ImageObject","@id":"https:\/\/secure.gravatar.com\/avatar\/c065076eb86551fdb70725c8063acf1b60a8edaed14ed654228c4cba13121c83?s=96&d=mm&r=g","url":"https:\/\/secure.gravatar.com\/avatar\/c065076eb86551fdb70725c8063acf1b60a8edaed14ed654228c4cba13121c83?s=96&d=mm&r=g","height":96,"width":96}},"publisher":{"@type":"Organization","name":"opac.cz","logo":{"@type":"ImageObject","@id":"\/logo.png","url":"\/logo.png","width":600,"height":60}},"image":{"@type":"ImageObject","@id":"https:\/\/www.opac.cz\/wp-content\/uploads\/historick%C3%BD%20taha%C4%8D.png","url":"https:\/\/www.opac.cz\/wp-content\/uploads\/historick%C3%BD%20taha%C4%8D.png","height":0,"width":0},"wordCount":770,"keywords":null},{"@type":"Article","@id":"https:\/\/www.opac.cz\/pripravky-na-hubnuti-aneb-hubneme-ano-x-ne\/","headline":"P\u0159\u00edpravky na hubnut\u00ed, aneb hubneme \u2013 ANO x NE?","url":"https:\/\/www.opac.cz\/pripravky-na-hubnuti-aneb-hubneme-ano-x-ne\/","datePublished":"2020-09-22","dateModified":"2020-09-22","mainEntityOfPage":"https:\/\/www.opac.cz\/pripravky-na-hubnuti-aneb-hubneme-ano-x-ne\/","author":{"@type":"Person","@id":"https:\/\/www.opac.cz\/author\/#Person","name":"","url":"https:\/\/www.opac.cz\/author\/","identifier":1,"image":{"@type":"ImageObject","@id":"https:\/\/secure.gravatar.com\/avatar\/c065076eb86551fdb70725c8063acf1b60a8edaed14ed654228c4cba13121c83?s=96&d=mm&r=g","url":"https:\/\/secure.gravatar.com\/avatar\/c065076eb86551fdb70725c8063acf1b60a8edaed14ed654228c4cba13121c83?s=96&d=mm&r=g","height":96,"width":96}},"publisher":{"@type":"Organization","name":"opac.cz","logo":{"@type":"ImageObject","@id":"\/logo.png","url":"\/logo.png","width":600,"height":60}},"image":{"@type":"ImageObject","@id":"https:\/\/www.opac.cz\/wp-content\/uploads\/img_a297343_w2367_t1507827017.jpg","url":"https:\/\/www.opac.cz\/wp-content\/uploads\/img_a297343_w2367_t1507827017.jpg","height":0,"width":0},"wordCount":796,"keywords":null},{"@type":"Article","@id":"https:\/\/www.opac.cz\/privonte-si-k-vasni\/","headline":"P\u0159ivo\u0148te si k v\u00e1\u0161ni","url":"https:\/\/www.opac.cz\/privonte-si-k-vasni\/","datePublished":"2020-09-12","dateModified":"2023-12-11","mainEntityOfPage":"https:\/\/www.opac.cz\/privonte-si-k-vasni\/","author":{"@type":"Person","@id":"https:\/\/www.opac.cz\/author\/#Person","name":"","url":"https:\/\/www.opac.cz\/author\/","identifier":1,"image":{"@type":"ImageObject","@id":"https:\/\/secure.gravatar.com\/avatar\/c065076eb86551fdb70725c8063acf1b60a8edaed14ed654228c4cba13121c83?s=96&d=mm&r=g","url":"https:\/\/secure.gravatar.com\/avatar\/c065076eb86551fdb70725c8063acf1b60a8edaed14ed654228c4cba13121c83?s=96&d=mm&r=g","height":96,"width":96}},"publisher":{"@type":"Organization","name":"opac.cz","logo":{"@type":"ImageObject","@id":"\/logo.png","url":"\/logo.png","width":600,"height":60}},"image":{"@type":"ImageObject","@id":"https:\/\/www.opac.cz\/wp-content\/uploads\/img_a300635_w2176_t1510684800.jpg","url":"https:\/\/www.opac.cz\/wp-content\/uploads\/img_a300635_w2176_t1510684800.jpg","height":0,"width":0},"wordCount":547,"keywords":null}]},{"@context":"https:\/\/schema.org","@type":"WebSite","@id":"https:\/\/www.opac.cz\/#website","name":"Opac","url":"https:\/\/www.opac.cz","potentialAction":{"@type":"SearchAction","target":"https:\/\/www.opac.cz\/?s={search_term_string}","query-input":"required name=search_term_string"}}]