[{"@context":"https:\/\/schema.org\/","@type":"Blog","@id":"https:\/\/www.opac.cz#Blog","headline":"Opac","description":"\nNeklademe si za c\u00edl n\u011bkoho oklam\u00e1vat, d\u00e1vat mu fale\u0161n\u00e9 nad\u011bje nebo ho naopak zbyte\u010dn\u011b deptat. N\u00e1m jde o to, aby se ka\u017ed\u00fd dozv\u011bd\u011bl jen pravdu.","url":"https:\/\/www.opac.cz","hasPart":[{"@type":"Article","@id":"https:\/\/www.opac.cz\/konferencni-stolky\/","headline":"konferen\u010dn\u00ed stolky","url":"https:\/\/www.opac.cz\/konferencni-stolky\/","datePublished":"2021-07-13","dateModified":"2023-05-06","mainEntityOfPage":"https:\/\/www.opac.cz\/konferencni-stolky\/","author":{"@type":"Person","@id":"https:\/\/www.opac.cz\/author\/#Person","name":"","url":"https:\/\/www.opac.cz\/author\/","identifier":1,"image":{"@type":"ImageObject","@id":"https:\/\/secure.gravatar.com\/avatar\/c065076eb86551fdb70725c8063acf1b60a8edaed14ed654228c4cba13121c83?s=96&d=mm&r=g","url":"https:\/\/secure.gravatar.com\/avatar\/c065076eb86551fdb70725c8063acf1b60a8edaed14ed654228c4cba13121c83?s=96&d=mm&r=g","height":96,"width":96}},"publisher":{"@type":"Organization","name":"opac.cz","logo":{"@type":"ImageObject","@id":"\/logo.png","url":"\/logo.png","width":600,"height":60}},"image":{"@type":"ImageObject","@id":"https:\/\/www.opac.cz\/wp-content\/uploads\/set-3-konferencnich-stolku-dub-sonoma-cerna-kastler-typ-3_8.png","url":"https:\/\/www.opac.cz\/wp-content\/uploads\/set-3-konferencnich-stolku-dub-sonoma-cerna-kastler-typ-3_8.png","height":0,"width":0},"wordCount":536,"keywords":null},{"@type":"Article","@id":"https:\/\/www.opac.cz\/hracka-je-zaklad-detstvi\/","headline":"Hra\u010dka je z\u00e1klad d\u011btstv\u00ed","url":"https:\/\/www.opac.cz\/hracka-je-zaklad-detstvi\/","datePublished":"2021-06-28","dateModified":"2024-07-08","mainEntityOfPage":"https:\/\/www.opac.cz\/hracka-je-zaklad-detstvi\/","author":{"@type":"Person","@id":"https:\/\/www.opac.cz\/author\/#Person","name":"","url":"https:\/\/www.opac.cz\/author\/","identifier":1,"image":{"@type":"ImageObject","@id":"https:\/\/secure.gravatar.com\/avatar\/c065076eb86551fdb70725c8063acf1b60a8edaed14ed654228c4cba13121c83?s=96&d=mm&r=g","url":"https:\/\/secure.gravatar.com\/avatar\/c065076eb86551fdb70725c8063acf1b60a8edaed14ed654228c4cba13121c83?s=96&d=mm&r=g","height":96,"width":96}},"publisher":{"@type":"Organization","name":"opac.cz","logo":{"@type":"ImageObject","@id":"\/logo.png","url":"\/logo.png","width":600,"height":60}},"image":{"@type":"ImageObject","@id":"https:\/\/www.opac.cz\/wp-content\/uploads\/ma%C5%A1inka%20(2).png","url":"https:\/\/www.opac.cz\/wp-content\/uploads\/ma%C5%A1inka%20(2).png","height":0,"width":0},"wordCount":600,"keywords":null},{"@type":"Article","@id":"https:\/\/www.opac.cz\/kdyz-je-pujcky-treba\/","headline":"Kdy\u017e je p\u016fj\u010dky t\u0159eba","url":"https:\/\/www.opac.cz\/kdyz-je-pujcky-treba\/","datePublished":"2021-06-21","dateModified":"2023-05-06","mainEntityOfPage":"https:\/\/www.opac.cz\/kdyz-je-pujcky-treba\/","author":{"@type":"Person","@id":"https:\/\/www.opac.cz\/author\/#Person","name":"","url":"https:\/\/www.opac.cz\/author\/","identifier":1,"image":{"@type":"ImageObject","@id":"https:\/\/secure.gravatar.com\/avatar\/c065076eb86551fdb70725c8063acf1b60a8edaed14ed654228c4cba13121c83?s=96&d=mm&r=g","url":"https:\/\/secure.gravatar.com\/avatar\/c065076eb86551fdb70725c8063acf1b60a8edaed14ed654228c4cba13121c83?s=96&d=mm&r=g","height":96,"width":96}},"publisher":{"@type":"Organization","name":"opac.cz","logo":{"@type":"ImageObject","@id":"\/logo.png","url":"\/logo.png","width":600,"height":60}},"image":{"@type":"ImageObject","@id":"https:\/\/www.opac.cz\/wp-content\/uploads\/symboly%20m%C4%9Bn_2.jpg","url":"https:\/\/www.opac.cz\/wp-content\/uploads\/symboly%20m%C4%9Bn_2.jpg","height":0,"width":0},"wordCount":801,"keywords":null},{"@type":"Article","@id":"https:\/\/www.opac.cz\/starozitnosti-v-dnesni-moderni-domacnosti-jde-to-ale-musite-se-drzet-nekolika-zasad\/","headline":"Staro\u017eitnosti v dne\u0161n\u00ed modern\u00ed dom\u00e1cnosti &#8211; Jde to, ale mus\u00edte se dr\u017eet n\u011bkolika z\u00e1sad!","url":"https:\/\/www.opac.cz\/starozitnosti-v-dnesni-moderni-domacnosti-jde-to-ale-musite-se-drzet-nekolika-zasad\/","datePublished":"2021-06-05","dateModified":"2023-05-06","mainEntityOfPage":"https:\/\/www.opac.cz\/starozitnosti-v-dnesni-moderni-domacnosti-jde-to-ale-musite-se-drzet-nekolika-zasad\/","author":{"@type":"Person","@id":"https:\/\/www.opac.cz\/author\/#Person","name":"","url":"https:\/\/www.opac.cz\/author\/","identifier":1,"image":{"@type":"ImageObject","@id":"https:\/\/secure.gravatar.com\/avatar\/c065076eb86551fdb70725c8063acf1b60a8edaed14ed654228c4cba13121c83?s=96&d=mm&r=g","url":"https:\/\/secure.gravatar.com\/avatar\/c065076eb86551fdb70725c8063acf1b60a8edaed14ed654228c4cba13121c83?s=96&d=mm&r=g","height":96,"width":96}},"publisher":{"@type":"Organization","name":"opac.cz","logo":{"@type":"ImageObject","@id":"\/logo.png","url":"\/logo.png","width":600,"height":60}},"image":{"@type":"ImageObject","@id":"https:\/\/www.opac.cz\/wp-content\/uploads\/pexels-photo-247929.jpeg","url":"https:\/\/www.opac.cz\/wp-content\/uploads\/pexels-photo-247929.jpeg","height":0,"width":0},"wordCount":721,"keywords":null},{"@type":"Article","@id":"https:\/\/www.opac.cz\/kdyz-potrebuje-podnikatel-penize\/","headline":"Kdy\u017e pot\u0159ebuje podnikatel pen\u00edze","url":"https:\/\/www.opac.cz\/kdyz-potrebuje-podnikatel-penize\/","datePublished":"2021-05-16","dateModified":"2023-05-06","mainEntityOfPage":"https:\/\/www.opac.cz\/kdyz-potrebuje-podnikatel-penize\/","author":{"@type":"Person","@id":"https:\/\/www.opac.cz\/author\/#Person","name":"","url":"https:\/\/www.opac.cz\/author\/","identifier":1,"image":{"@type":"ImageObject","@id":"https:\/\/secure.gravatar.com\/avatar\/c065076eb86551fdb70725c8063acf1b60a8edaed14ed654228c4cba13121c83?s=96&d=mm&r=g","url":"https:\/\/secure.gravatar.com\/avatar\/c065076eb86551fdb70725c8063acf1b60a8edaed14ed654228c4cba13121c83?s=96&d=mm&r=g","height":96,"width":96}},"publisher":{"@type":"Organization","name":"opac.cz","logo":{"@type":"ImageObject","@id":"\/logo.png","url":"\/logo.png","width":600,"height":60}},"image":{"@type":"ImageObject","@id":"https:\/\/www.opac.cz\/wp-content\/uploads\/jedna%20rupie.jpg","url":"https:\/\/www.opac.cz\/wp-content\/uploads\/jedna%20rupie.jpg","height":0,"width":0},"wordCount":851,"keywords":null},{"@type":"Article","@id":"https:\/\/www.opac.cz\/bazenova-folie-na-hladinu-i-pod-bazen\/","headline":"Baz\u00e9nov\u00e1 f\u00f3lie na hladinu i pod baz\u00e9n","url":"https:\/\/www.opac.cz\/bazenova-folie-na-hladinu-i-pod-bazen\/","datePublished":"2021-05-16","dateModified":"2023-05-06","mainEntityOfPage":"https:\/\/www.opac.cz\/bazenova-folie-na-hladinu-i-pod-bazen\/","author":{"@type":"Person","@id":"https:\/\/www.opac.cz\/author\/#Person","name":"","url":"https:\/\/www.opac.cz\/author\/","identifier":1,"image":{"@type":"ImageObject","@id":"https:\/\/secure.gravatar.com\/avatar\/c065076eb86551fdb70725c8063acf1b60a8edaed14ed654228c4cba13121c83?s=96&d=mm&r=g","url":"https:\/\/secure.gravatar.com\/avatar\/c065076eb86551fdb70725c8063acf1b60a8edaed14ed654228c4cba13121c83?s=96&d=mm&r=g","height":96,"width":96}},"publisher":{"@type":"Organization","name":"opac.cz","logo":{"@type":"ImageObject","@id":"\/logo.png","url":"\/logo.png","width":600,"height":60}},"image":{"@type":"ImageObject","@id":"https:\/\/www.opac.cz\/wp-content\/uploads\/hol%C4%8Di%C4%8Dka%20v%20baz%C3%A9nu.JPG","url":"https:\/\/www.opac.cz\/wp-content\/uploads\/hol%C4%8Di%C4%8Dka%20v%20baz%C3%A9nu.JPG","height":0,"width":0},"wordCount":560,"keywords":null},{"@type":"Article","@id":"https:\/\/www.opac.cz\/cistime-si-zuby\/","headline":"\u010cist\u00edme si zuby","url":"https:\/\/www.opac.cz\/cistime-si-zuby\/","datePublished":"2021-05-14","dateModified":"2023-09-11","mainEntityOfPage":"https:\/\/www.opac.cz\/cistime-si-zuby\/","author":{"@type":"Person","@id":"https:\/\/www.opac.cz\/author\/#Person","name":"","url":"https:\/\/www.opac.cz\/author\/","identifier":1,"image":{"@type":"ImageObject","@id":"https:\/\/secure.gravatar.com\/avatar\/c065076eb86551fdb70725c8063acf1b60a8edaed14ed654228c4cba13121c83?s=96&d=mm&r=g","url":"https:\/\/secure.gravatar.com\/avatar\/c065076eb86551fdb70725c8063acf1b60a8edaed14ed654228c4cba13121c83?s=96&d=mm&r=g","height":96,"width":96}},"publisher":{"@type":"Organization","name":"opac.cz","logo":{"@type":"ImageObject","@id":"\/logo.png","url":"\/logo.png","width":600,"height":60}},"image":{"@type":"ImageObject","@id":"https:\/\/www.opac.cz\/wp-content\/uploads\/hezk%C3%A9%20zuby_1.jpg","url":"https:\/\/www.opac.cz\/wp-content\/uploads\/hezk%C3%A9%20zuby_1.jpg","height":0,"width":0},"wordCount":621,"keywords":null},{"@type":"Article","@id":"https:\/\/www.opac.cz\/vybaveni-do-autodilny-pro-narocne\/","headline":"Vybaven\u00ed do autod\u00edlny pro n\u00e1ro\u010dn\u00e9","url":"https:\/\/www.opac.cz\/vybaveni-do-autodilny-pro-narocne\/","datePublished":"2021-03-16","dateModified":"2023-05-06","mainEntityOfPage":"https:\/\/www.opac.cz\/vybaveni-do-autodilny-pro-narocne\/","author":{"@type":"Person","@id":"https:\/\/www.opac.cz\/author\/#Person","name":"","url":"https:\/\/www.opac.cz\/author\/","identifier":1,"image":{"@type":"ImageObject","@id":"https:\/\/secure.gravatar.com\/avatar\/c065076eb86551fdb70725c8063acf1b60a8edaed14ed654228c4cba13121c83?s=96&d=mm&r=g","url":"https:\/\/secure.gravatar.com\/avatar\/c065076eb86551fdb70725c8063acf1b60a8edaed14ed654228c4cba13121c83?s=96&d=mm&r=g","height":96,"width":96}},"publisher":{"@type":"Organization","name":"opac.cz","logo":{"@type":"ImageObject","@id":"\/logo.png","url":"\/logo.png","width":600,"height":60}},"image":{"@type":"ImageObject","@id":"https:\/\/www.opac.cz\/wp-content\/uploads\/mal%C3%BD%20autoservis.jpg","url":"https:\/\/www.opac.cz\/wp-content\/uploads\/mal%C3%BD%20autoservis.jpg","height":0,"width":0},"wordCount":766,"keywords":null},{"@type":"Article","@id":"https:\/\/www.opac.cz\/vhodna-strava-vede-k-hubnuti\/","headline":"Vhodn\u00e1 strava vede k hubnut\u00ed","url":"https:\/\/www.opac.cz\/vhodna-strava-vede-k-hubnuti\/","datePublished":"2021-03-15","dateModified":"2021-03-15","mainEntityOfPage":"https:\/\/www.opac.cz\/vhodna-strava-vede-k-hubnuti\/","author":{"@type":"Person","@id":"https:\/\/www.opac.cz\/author\/#Person","name":"","url":"https:\/\/www.opac.cz\/author\/","identifier":1,"image":{"@type":"ImageObject","@id":"https:\/\/secure.gravatar.com\/avatar\/c065076eb86551fdb70725c8063acf1b60a8edaed14ed654228c4cba13121c83?s=96&d=mm&r=g","url":"https:\/\/secure.gravatar.com\/avatar\/c065076eb86551fdb70725c8063acf1b60a8edaed14ed654228c4cba13121c83?s=96&d=mm&r=g","height":96,"width":96}},"publisher":{"@type":"Organization","name":"opac.cz","logo":{"@type":"ImageObject","@id":"\/logo.png","url":"\/logo.png","width":600,"height":60}},"image":{"@type":"ImageObject","@id":"https:\/\/www.opac.cz\/wp-content\/uploads\/Sva%C4%8Dinka_1.jpg","url":"https:\/\/www.opac.cz\/wp-content\/uploads\/Sva%C4%8Dinka_1.jpg","height":0,"width":0},"wordCount":623,"keywords":null},{"@type":"Article","@id":"https:\/\/www.opac.cz\/kdyz-bydlet-ve-vlastnim-tak-za-dobrou-cenu\/","headline":"Kdy\u017e bydlet ve vlastn\u00edm, tak za dobrou cenu","url":"https:\/\/www.opac.cz\/kdyz-bydlet-ve-vlastnim-tak-za-dobrou-cenu\/","datePublished":"2021-03-15","dateModified":"2023-05-06","mainEntityOfPage":"https:\/\/www.opac.cz\/kdyz-bydlet-ve-vlastnim-tak-za-dobrou-cenu\/","author":{"@type":"Person","@id":"https:\/\/www.opac.cz\/author\/#Person","name":"","url":"https:\/\/www.opac.cz\/author\/","identifier":1,"image":{"@type":"ImageObject","@id":"https:\/\/secure.gravatar.com\/avatar\/c065076eb86551fdb70725c8063acf1b60a8edaed14ed654228c4cba13121c83?s=96&d=mm&r=g","url":"https:\/\/secure.gravatar.com\/avatar\/c065076eb86551fdb70725c8063acf1b60a8edaed14ed654228c4cba13121c83?s=96&d=mm&r=g","height":96,"width":96}},"publisher":{"@type":"Organization","name":"opac.cz","logo":{"@type":"ImageObject","@id":"\/logo.png","url":"\/logo.png","width":600,"height":60}},"image":{"@type":"ImageObject","@id":"https:\/\/www.opac.cz\/wp-content\/uploads\/Kuchyn%C4%9B_4.jpg","url":"https:\/\/www.opac.cz\/wp-content\/uploads\/Kuchyn%C4%9B_4.jpg","height":0,"width":0},"wordCount":714,"keywords":null}]},{"@context":"https:\/\/schema.org","@type":"WebSite","@id":"https:\/\/www.opac.cz\/#website","name":"Opac","url":"https:\/\/www.opac.cz","potentialAction":{"@type":"SearchAction","target":"https:\/\/www.opac.cz\/?s={search_term_string}","query-input":"required name=search_term_string"}}]