[{"@context":"https:\/\/schema.org\/","@type":"Article","@id":"https:\/\/www.opac.cz\/oriflame\/#Article","mainEntityOfPage":"https:\/\/www.opac.cz\/oriflame\/","headline":"Oriflame","name":"Oriflame","description":"Co se V\u00e1m vybav\u00ed, kdy\u017e se \u0159ekne kvalitn\u00ed \u0161v\u00e9dsk\u00e1 kosmetika? My douf\u00e1me, \u017ee to bude zna\u010dka Oriflame. V roce 1967 byla firma zalo\u017eena dv\u011bma bratry a v sou\u010dasnosti je mezin\u00e1rodn\u00ed firmou s kosmetikou, kterou prod\u00e1v\u00e1 do 60 zem\u00ed sv\u011bta. Oriflame Oriflame nenab\u00edz\u00ed jen kosmetiku pro \u017eeny, jak by se mohlo zd\u00e1t. Ta ov\u0161em tvo\u0159\u00ed v\u011bt\u0161inu&hellip;<p class=\"read-more\"><a class=\"readmore-btn\" href=\"https:\/\/www.opac.cz\/oriflame\/\">\u010c\u00edst d\u00e1le<span class=\"screen-reader-text\">  \u010c\u00edst d\u00e1le<\/span><\/a><\/p>","datePublished":"2025-03-04","dateModified":"2025-03-04","author":{"@type":"Person","@id":"https:\/\/www.opac.cz\/author\/#Person","name":"","url":"https:\/\/www.opac.cz\/author\/","identifier":1,"image":{"@type":"ImageObject","@id":"https:\/\/secure.gravatar.com\/avatar\/c065076eb86551fdb70725c8063acf1b60a8edaed14ed654228c4cba13121c83?s=96&d=mm&r=g","url":"https:\/\/secure.gravatar.com\/avatar\/c065076eb86551fdb70725c8063acf1b60a8edaed14ed654228c4cba13121c83?s=96&d=mm&r=g","height":96,"width":96}},"publisher":{"@type":"Organization","name":"opac.cz","logo":{"@type":"ImageObject","@id":"\/logo.png","url":"\/logo.png","width":600,"height":60}},"url":"https:\/\/www.opac.cz\/oriflame\/","wordCount":170,"articleBody":"Co se V\u00e1m vybav\u00ed, kdy\u017e se \u0159ekne kvalitn\u00ed \u0161v\u00e9dsk\u00e1 kosmetika? My douf\u00e1me, \u017ee to bude zna\u010dka Oriflame. V roce 1967 byla firma zalo\u017eena dv\u011bma bratry a v sou\u010dasnosti je mezin\u00e1rodn\u00ed firmou s kosmetikou, kterou prod\u00e1v\u00e1 do 60 zem\u00ed sv\u011bta.OriflameOriflame nenab\u00edz\u00ed jen kosmetiku pro \u017eeny, jak by se mohlo zd\u00e1t. Ta ov\u0161em tvo\u0159\u00ed v\u011bt\u0161inu na\u0161\u00ed nab\u00eddky. Na sv\u00e9 si zde p\u0159ijdou i p\u00e1nov\u00e9, kter\u00e9 jist\u011b ohrom\u00edme \u0161irokou nab\u00eddkou toaletn\u00edch vod i d\u011bti. D\u011btem v\u0161ak jist\u011b maminka vybere tu spr\u00e1vnou kosmetiku.Podpora d\u011bt\u00edOriflame prod\u00e1v\u00e1 tak\u00e9 v\u00fdrobky, z jejich\u017e v\u00fdnos d\u00e1v\u00e1 na charitu a podporuje tak znev\u00fdhodn\u011bn\u00e9 d\u011bti. Mezi tyto v\u00fdrobky pat\u0159\u00ed n\u00e1ramky, r\u00e1me\u010dky na fotografie, pexeso, pol\u0161t\u00e1\u0159, zebra, deky, stoj\u00e1nek na tu\u017eky \u010di sada mal\u00ed\u0159sk\u00fdch pot\u0159eb pro d\u011bti. P\u0159isp\u011bjte na dobrou v\u011bc.                                                                                                                                                                                                                                                                                                                                                                                        3.5\/5 - (2 votes)        "},{"@context":"https:\/\/schema.org\/","@type":"BreadcrumbList","itemListElement":[{"@type":"ListItem","position":1,"name":"Oriflame","item":"https:\/\/www.opac.cz\/oriflame\/#breadcrumbitem"}]}]