[{"@context":"https:\/\/schema.org\/","@type":"Article","@id":"https:\/\/www.opac.cz\/ne-vsem-se-vede-dobre\/#Article","mainEntityOfPage":"https:\/\/www.opac.cz\/ne-vsem-se-vede-dobre\/","headline":"Ne v\u0161em se vede dob\u0159e","name":"Ne v\u0161em se vede dob\u0159e","description":"Spole\u010dnost se pochopiteln\u011b skl\u00e1d\u00e1 z mnoha lid\u00ed. A proto\u017ee ka\u017ed\u00fd \u017eije ve specifick\u00fdch podm\u00ednk\u00e1ch a ka\u017ed\u00fd m\u00e1 jin\u00e9 schopnosti a tak\u00e9 mu odli\u0161n\u011b p\u0159eje \u0161t\u011bst\u00ed, je logick\u00e9, \u017ee se tu v\u0161em nevede stejn\u011b dob\u0159e, p\u0159\u00edpadn\u011b stejn\u011b \u0161patn\u011b. M\u00e1me na\u0161ince, kte\u0159\u00ed si \u017eij\u00ed jako v bavlnce, ale m\u00e1me i ty, kte\u0159\u00ed svou ekonomickou situaci v\u016fbec nezvl\u00e1daj\u00ed,&hellip;<p class=\"read-more\"><a class=\"readmore-btn\" href=\"https:\/\/www.opac.cz\/ne-vsem-se-vede-dobre\/\">\u010c\u00edst d\u00e1le<span class=\"screen-reader-text\">  \u010c\u00edst d\u00e1le<\/span><\/a><\/p>","datePublished":"2021-10-20","dateModified":"2023-05-06","author":{"@type":"Person","@id":"https:\/\/www.opac.cz\/author\/#Person","name":"","url":"https:\/\/www.opac.cz\/author\/","identifier":1,"image":{"@type":"ImageObject","@id":"https:\/\/secure.gravatar.com\/avatar\/c065076eb86551fdb70725c8063acf1b60a8edaed14ed654228c4cba13121c83?s=96&d=mm&r=g","url":"https:\/\/secure.gravatar.com\/avatar\/c065076eb86551fdb70725c8063acf1b60a8edaed14ed654228c4cba13121c83?s=96&d=mm&r=g","height":96,"width":96}},"publisher":{"@type":"Organization","name":"opac.cz","logo":{"@type":"ImageObject","@id":"\/logo.png","url":"\/logo.png","width":600,"height":60}},"image":{"@type":"ImageObject","@id":"https:\/\/www.opac.cz\/wp-content\/uploads\/sloupe%C4%8Dek%20minc%C3%AD_10.jpg","url":"https:\/\/www.opac.cz\/wp-content\/uploads\/sloupe%C4%8Dek%20minc%C3%AD_10.jpg","height":0,"width":0},"url":"https:\/\/www.opac.cz\/ne-vsem-se-vede-dobre\/","about":["Finance"],"wordCount":447,"articleBody":"   Spole\u010dnost se pochopiteln\u011b skl\u00e1d\u00e1 z mnoha lid\u00ed. A proto\u017ee ka\u017ed\u00fd \u017eije ve specifick\u00fdch podm\u00ednk\u00e1ch a ka\u017ed\u00fd m\u00e1 jin\u00e9 schopnosti a tak\u00e9 mu odli\u0161n\u011b p\u0159eje \u0161t\u011bst\u00ed, je logick\u00e9, \u017ee se tu v\u0161em nevede stejn\u011b dob\u0159e, p\u0159\u00edpadn\u011b stejn\u011b \u0161patn\u011b. M\u00e1me na\u0161ince, kte\u0159\u00ed si \u017eij\u00ed jako v bavlnce, ale m\u00e1me i ty, kte\u0159\u00ed svou ekonomickou situaci v\u016fbec nezvl\u00e1daj\u00ed, a tud\u00ed\u017e ani jejich \u017eivot nen\u00ed dokonal\u00fd.Ka\u017ed\u00fd se m\u00e1me n\u011bjak. N\u011bkdo l\u00edp a n\u011bkdo h\u016f\u0159. A aby se t\u011bm, kte\u0159\u00ed jsou na tom skute\u010dn\u011b zle, nevedlo aspo\u0148 naprosto nejh\u016f\u0159, m\u00e1me tu t\u0159eba instituci zvanou st\u00e1t. A proto\u017ee je n\u00e1\u0161 st\u00e1t pova\u017eov\u00e1n za soci\u00e1ln\u011b orientovan\u00fd, m\u011blo by b\u00fdt pravidlem, \u017ee kdo se sna\u017e\u00ed neskon\u010dit v b\u00edd\u011b, ten by v n\u00ed tak\u00e9 skon\u010dit nem\u011bl. Lenoch\u016fm a p\u0159\u00ed\u017eivn\u00edk\u016fm by se tu sice logicky nem\u011blo da\u0159it dob\u0159e, ale ti ostatn\u00ed, kte\u0159\u00ed str\u00e1daj\u00ed t\u0159eba jenom kv\u016fli tomu, co nemohou navzdory sv\u00e9 snaze ovlivnit, by m\u011bli m\u00edt aspo\u0148 snesitelnou \u017eivotn\u00ed \u00farove\u0148 zaji\u0161t\u011bnou. Nikdo by nem\u011bl skon\u010dit katastrof\u00e1ln\u011b, pokud si to nezaslou\u017e\u00ed.Jen\u017ee je tomu tak? Nejednou bohu\u017eel nen\u00ed. N\u011bkdy se dost\u00e1v\u00e1 ne\u00fam\u011brn\u00e9 st\u00e1tn\u00ed podpory i t\u011bm, kter\u00fdm by nem\u011bla b\u00fdt d\u00e1na ze spole\u010dn\u00e9 kasy ani koruna, a jindy si ti, kte\u0159\u00ed se sna\u017e\u00ed, ale zas a znovu selh\u00e1vaj\u00ed, nedo\u010dk\u00e1vaj\u00ed pot\u0159ebn\u00e9 pomoci. Je to smutn\u00e9, ale je tomu bohu\u017eel tak.Zn\u00e1te to. P\u0159inejmen\u0161\u00edm z doslechu. Pokud jde o pomoc lidem v nesn\u00e1z\u00edch, respektive o financov\u00e1n\u00ed \u017eivota t\u011bch, kte\u0159\u00ed si to prokazateln\u011b zaslou\u017e\u00ed, jako jsou dejme tomu penzisti \u010di rodi\u010de mal\u00fdch d\u011bt\u00ed, pak se d\u00e1 \u0159\u00edci, \u017ee sice vl\u00e1da sl\u00edb\u00ed hypoteka-bez-registru.net ale mus\u00ed pomoci. Proto\u017ee vl\u00e1dn\u00ed sliby jsou \u010dasto jen nespln\u011bn\u00fdmi sliby, zat\u00edmco nebankovn\u00ed hypot\u00e9ky skute\u010dn\u011b pom\u00e1haj\u00ed t\u011bm, kter\u00e9 nechala spole\u010dnost na holi\u010dk\u00e1ch.Tak u\u017e to chod\u00ed. A bude to tak chodit do doby, ne\u017e se za\u010dneme politick\u00e9 reprezentace skute\u010dn\u011b dnes a denn\u011b pt\u00e1t a do\u017eadovat se tvrd\u011b odpov\u011bd\u00ed na ot\u00e1zku, co a jak pro lidi v nouzi d\u011bl\u00e1. A dokud ji neza\u010dneme skute\u010dn\u011b trestat za plan\u00e9 sliby, nesporn\u00e9 chyby nebo i zl\u00e9 \u00famysly. Proto\u017ee jsou sice vl\u00e1dn\u00ed sliby hezk\u00e9, ale nikdo se jich nenaj\u00ed.                                                                                                                                                                                                                                                                                                                                                                                          4.2\/5 - (6 votes)        "},{"@context":"https:\/\/schema.org\/","@type":"BreadcrumbList","itemListElement":[{"@type":"ListItem","position":1,"name":"Ne v\u0161em se vede dob\u0159e","item":"https:\/\/www.opac.cz\/ne-vsem-se-vede-dobre\/#breadcrumbitem"}]}]