[{"@context":"https:\/\/schema.org\/","@type":"Article","@id":"https:\/\/www.opac.cz\/nase-sperky-pro-vase-dcery-nebo-vnucky\/#Article","mainEntityOfPage":"https:\/\/www.opac.cz\/nase-sperky-pro-vase-dcery-nebo-vnucky\/","headline":"Na\u0161e \u0161perky pro va\u0161e dcery nebo vnu\u010dky","name":"Na\u0161e \u0161perky pro va\u0161e dcery nebo vnu\u010dky","description":"Na\u0161im sle\u010dn\u00e1m se d\u00e1rky ji\u017e t\u011b\u017eko nakupuj\u00ed. Proto je dobr\u00e9 si p\u0159edem nen\u00e1padn\u011b zjistit, co by si p\u0159edstavovali dostat ke sv\u00fdm narozenin\u00e1m. Ur\u010dit\u011b se samy ji\u017e dovedou vyj\u00e1d\u0159it. \u0160perky jsou velmi vhodn\u00e9. U n\u00e1s je naleznete v pestr\u00e9m v\u00fdb\u011bru. N\u011bkter\u00e9 jsou ur\u010deny t\u011bm nejmen\u0161\u00edm, jin\u00e9 u\u017e p\u0159il\u00e1kaj\u00ed va\u0161e sle\u010dny. Na\u0161e d\u011btsk\u00e9 n\u00e1u\u0161nice jsme p\u0159ipravili pr\u00e1v\u011b&hellip;<p class=\"read-more\"><a class=\"readmore-btn\" href=\"https:\/\/www.opac.cz\/nase-sperky-pro-vase-dcery-nebo-vnucky\/\">\u010c\u00edst d\u00e1le<span class=\"screen-reader-text\">  \u010c\u00edst d\u00e1le<\/span><\/a><\/p>","datePublished":"2025-09-01","dateModified":"2025-09-01","author":{"@type":"Person","@id":"https:\/\/www.opac.cz\/author\/#Person","name":"","url":"https:\/\/www.opac.cz\/author\/","identifier":1,"image":{"@type":"ImageObject","@id":"https:\/\/secure.gravatar.com\/avatar\/c065076eb86551fdb70725c8063acf1b60a8edaed14ed654228c4cba13121c83?s=96&d=mm&r=g","url":"https:\/\/secure.gravatar.com\/avatar\/c065076eb86551fdb70725c8063acf1b60a8edaed14ed654228c4cba13121c83?s=96&d=mm&r=g","height":96,"width":96}},"publisher":{"@type":"Organization","name":"opac.cz","logo":{"@type":"ImageObject","@id":"\/logo.png","url":"\/logo.png","width":600,"height":60}},"url":"https:\/\/www.opac.cz\/nase-sperky-pro-vase-dcery-nebo-vnucky\/","wordCount":188,"articleBody":"Na\u0161im sle\u010dn\u00e1m se d\u00e1rky ji\u017e t\u011b\u017eko nakupuj\u00ed. Proto je dobr\u00e9 si p\u0159edem nen\u00e1padn\u011b zjistit, co by si p\u0159edstavovali dostat ke sv\u00fdm narozenin\u00e1m. Ur\u010dit\u011b se samy ji\u017e dovedou vyj\u00e1d\u0159it. \u0160perky jsou velmi vhodn\u00e9. U n\u00e1s je naleznete v pestr\u00e9m v\u00fdb\u011bru. N\u011bkter\u00e9 jsou ur\u010deny t\u011bm nejmen\u0161\u00edm, jin\u00e9 u\u017e p\u0159il\u00e1kaj\u00ed va\u0161e sle\u010dny. Na\u0161e d\u011btsk\u00e9 n\u00e1u\u0161nice jsme p\u0159ipravili pr\u00e1v\u011b pro n\u011b. M\u016f\u017eete vyu\u017e\u00edt v\u00fdkupu zlata M\u00e1te u\u017e n\u011bjak\u00fd n\u00e1pad na hezk\u00fd d\u00e1rek pro va\u0161i vnu\u010dku k narozenin\u00e1m? Mo\u017en\u00e1, \u017ee bychom v\u00e1m mohli poradit. Co by asi \u0159\u00edkala na na\u0161e d\u011btsk\u00e9 n\u00e1u\u0161nice. Z na\u0161eho bohat\u00e9ho v\u00fdb\u011bru by si ur\u010dit\u011b vybrala. N\u011bkter\u00e9 jsou zhotoveny ze zlata, jin\u00e9 ze st\u0159\u00edbra a dal\u0161\u00ed z chirurgick\u00e9 oceli. Zva\u017ete sami, co by se j\u00ed l\u00edbilo nejv\u00edce. Mo\u017en\u00e1, \u017ee by bylo dobr\u00e9, aby se sama mohla k tomu vyj\u00e1d\u0159it.                                                                                                                                                                                                                                                                                                                                                                                                "},{"@context":"https:\/\/schema.org\/","@type":"BreadcrumbList","itemListElement":[{"@type":"ListItem","position":1,"name":"Na\u0161e \u0161perky pro va\u0161e dcery nebo vnu\u010dky","item":"https:\/\/www.opac.cz\/nase-sperky-pro-vase-dcery-nebo-vnucky\/#breadcrumbitem"}]}]