[{"@context":"https:\/\/schema.org\/","@type":"Article","@id":"https:\/\/www.opac.cz\/konferencni-stolky\/#Article","mainEntityOfPage":"https:\/\/www.opac.cz\/konferencni-stolky\/","headline":"konferen\u010dn\u00ed stolky","name":"konferen\u010dn\u00ed stolky","description":"Konferen\u010dn\u00ed stolky mohou b\u00fdt mnohdy u\u017eite\u010dn\u00e9. M\u016f\u017eete si na n\u011b d\u00e1t cokoliv \u2013 j\u00eddlo, pit\u00ed, nebo n\u011bjak\u00e9 pap\u00edry, v\u011bci. Jak si ale takov\u00fd konferen\u010dn\u00ed stolek vybrat? M\u00e1m pro v\u00e1s n\u011bkolik tip\u016f na kvalitn\u00ed konferen\u010dn\u00ed stolky, tak pevn\u011b douf\u00e1m, \u017ee v\u00e1m n\u011bjak\u00e9 tipy pom\u016f\u017eou a vy si vyberete ten prav\u00fd konferen\u010dn\u00ed stolek pro v\u00e1s. \u010c\u00edm bychom&hellip;<p class=\"read-more\"><a class=\"readmore-btn\" href=\"https:\/\/www.opac.cz\/konferencni-stolky\/\">\u010c\u00edst d\u00e1le<span class=\"screen-reader-text\">  \u010c\u00edst d\u00e1le<\/span><\/a><\/p>","datePublished":"2021-07-13","dateModified":"2023-05-06","author":{"@type":"Person","@id":"https:\/\/www.opac.cz\/author\/#Person","name":"","url":"https:\/\/www.opac.cz\/author\/","identifier":1,"image":{"@type":"ImageObject","@id":"https:\/\/secure.gravatar.com\/avatar\/c065076eb86551fdb70725c8063acf1b60a8edaed14ed654228c4cba13121c83?s=96&d=mm&r=g","url":"https:\/\/secure.gravatar.com\/avatar\/c065076eb86551fdb70725c8063acf1b60a8edaed14ed654228c4cba13121c83?s=96&d=mm&r=g","height":96,"width":96}},"publisher":{"@type":"Organization","name":"opac.cz","logo":{"@type":"ImageObject","@id":"\/logo.png","url":"\/logo.png","width":600,"height":60}},"image":{"@type":"ImageObject","@id":"https:\/\/www.opac.cz\/wp-content\/uploads\/set-3-konferencnich-stolku-dub-sonoma-cerna-kastler-typ-3_8.png","url":"https:\/\/www.opac.cz\/wp-content\/uploads\/set-3-konferencnich-stolku-dub-sonoma-cerna-kastler-typ-3_8.png","height":0,"width":0},"url":"https:\/\/www.opac.cz\/konferencni-stolky\/","about":["Produkty"],"wordCount":396,"articleBody":"Konferen\u010dn\u00ed stolky mohou b\u00fdt mnohdy u\u017eite\u010dn\u00e9. M\u016f\u017eete si na n\u011b d\u00e1t cokoliv \u2013 j\u00eddlo, pit\u00ed, nebo n\u011bjak\u00e9 pap\u00edry, v\u011bci. Jak si ale takov\u00fd konferen\u010dn\u00ed stolek vybrat? M\u00e1m pro v\u00e1s n\u011bkolik tip\u016f na kvalitn\u00ed konferen\u010dn\u00ed stolky, tak pevn\u011b douf\u00e1m, \u017ee v\u00e1m n\u011bjak\u00e9 tipy pom\u016f\u017eou a vy si vyberete ten prav\u00fd konferen\u010dn\u00ed stolek pro v\u00e1s.\u010c\u00edm bychom \u010dl\u00e1nek za\u010dali? No, asi t\u00edm, podle jak\u00fdch faktor\u016f vyb\u00edrat konferen\u010dn\u00ed stolek. Konferen\u010dn\u00ed stolek si v\u011bt\u0161inou vyb\u00edr\u00e1me:Prvn\u00ed faktor \u2013 barva \u2013 tento faktor je \u010dist\u011b podle va\u0161eho uv\u00e1\u017een\u00ed. V\u011bt\u0161ina lid\u00ed m\u00e1 konferen\u010dn\u00ed stolky typick\u00e9 barvy (nap\u0159\u00edklad b\u00edl\u00e1, \u010dern\u00e1, hn\u011bd\u00e1, b\u00e9\u017eov\u00e1 nebo \u0161ed\u00e1), jsou ale i tac\u00ed lid\u00e9, kte\u0159\u00ed tou\u017e\u00ed vylo\u017een\u011b po originalit\u011b (tedy barv\u011b stolku, kter\u00fd v\u011bt\u0161ina lid\u00ed nem\u00e1 \u2013 nap\u0159\u00edklad \u017elut\u00fd, \u010derven\u00fd, zelen\u00fd).Druh\u00fd faktor \u2013 cena \u2013 tento faktor si bohu\u017eel nevyb\u00edr\u00e1me \u00fapln\u011b podle sv\u00e9ho uv\u00e1\u017een\u00ed, ale pokud chcete investovat do kvalitn\u00edho kr\u00e1sn\u00e9ho konferen\u010dn\u00edho stolku, stoj\u00ed si za to p\u0159iplatit (konferen\u010dn\u00ed stolky se pohybuj\u00ed od n\u011bkolika sto korun a\u017e po desetitis\u00edce), vy v\u0161ak zvol\u00edte konferen\u010dn\u00ed stolek p\u0159esn\u011b podle va\u0161ich finan\u010dn\u00edch mo\u017enost\u00ed. A troufnu si \u0159\u00edct, \u017ee i za dva tis\u00edce m\u016f\u017eete sehnat kvalitn\u011bj\u0161\u00ed konferen\u010dn\u00ed stolek.T\u0159et\u00ed faktor &#8211; tvar \u2013 tvar taky mnohdy hraje roli a z\u00e1le\u017e\u00ed jen na n\u00e1s, jak\u00fd \u00fatvar si zvol\u00edme. Mn\u011b se l\u00edb\u00ed bu\u010f kulat\u00e9 konferen\u010dn\u00ed stolky nebo hranat\u00e9.\u010ctvrt\u00fd faktor &#8211; materi\u00e1l \u2013 materi\u00e1l souvis\u00ed \u00fazce s cenou a \u010d\u00edm lep\u0161\u00ed materi\u00e1l, t\u00edm je dra\u017e\u0161\u00ed, ale zato kvalitn\u011bj\u0161\u00ed. P\u011bkn\u011b vypadaj\u00ed t\u0159eba konferen\u010dn\u00ed stolky ze d\u0159eva, ale jak u\u017e jsem \u0159ekla, je jen na v\u00e1s, jak\u00fd materi\u00e1l, tvar si zvol\u00edte. Je ale nutno podotknout, \u017ee pokud si ale zvol\u00edte jak\u00fdkoliv konferen\u010dn\u00ed sklen\u011bn\u00fd stolek, nem\u011bli byste na n\u011bj d\u00e1vat p\u0159\u00edli\u0161 t\u011b\u017ek\u00e9 v\u011bci, proto\u017ee hroz\u00ed, \u017ee by se mohl hodn\u011b poni\u010dit a to p\u0159ece nechcete v \u017e\u00e1dn\u00e9m p\u0159\u00edpad\u011b.P\u0159eji v\u00e1m, a\u0165 si vyberete ten spr\u00e1vn\u00fd konferen\u010dn\u00ed stolek.                                                                                                                                                                                                                                                                                                                                                                                         5\/5 - (1 vote)        "},{"@context":"https:\/\/schema.org\/","@type":"BreadcrumbList","itemListElement":[{"@type":"ListItem","position":1,"name":"konferen\u010dn\u00ed stolky","item":"https:\/\/www.opac.cz\/konferencni-stolky\/#breadcrumbitem"}]}]