[{"@context":"https:\/\/schema.org\/","@type":"Article","@id":"https:\/\/www.opac.cz\/kdyz-reklamni-predmet-tak-klicenka-na-krk\/#Article","mainEntityOfPage":"https:\/\/www.opac.cz\/kdyz-reklamni-predmet-tak-klicenka-na-krk\/","headline":"Kdy\u017e reklamn\u00ed p\u0159edm\u011bt, tak kl\u00ed\u010denka na krk","name":"Kdy\u017e reklamn\u00ed p\u0159edm\u011bt, tak kl\u00ed\u010denka na krk","description":"Rozd\u00e1vat reklamn\u00ed p\u0159edm\u011bty na podnikov\u00fdch akc\u00edch &#8211; \u0161kolen\u00edch, rautech \u010di prezentac\u00edch, je sice fajn, ale m\u011bli byste m\u00edt rozmy\u0161leno, co vlastn\u011b lidem d\u00e1t, aby to m\u011blo pro n\u011b praktick\u00fd v\u00fdznam, a aby v\u00e1m to z\u00e1rove\u0148 nezp\u016fsobilo n\u011bjak\u00e9 zbyte\u010dn\u00e9 obt\u00ed\u017ee. Kup\u0159\u00edkladu rozd\u00e1vat tri\u010dka s firemn\u00edm logem bude sice vypadat efektn\u011b, ale pokud netref\u00edte velikost, kup\u0159\u00edkladu rozd\u00e1te&hellip;<p class=\"read-more\"><a class=\"readmore-btn\" href=\"https:\/\/www.opac.cz\/kdyz-reklamni-predmet-tak-klicenka-na-krk\/\">\u010c\u00edst d\u00e1le<span class=\"screen-reader-text\">  \u010c\u00edst d\u00e1le<\/span><\/a><\/p>","datePublished":"2023-12-15","dateModified":"2024-02-12","author":{"@type":"Person","@id":"https:\/\/www.opac.cz\/author\/#Person","name":"","url":"https:\/\/www.opac.cz\/author\/","identifier":1,"image":{"@type":"ImageObject","@id":"https:\/\/secure.gravatar.com\/avatar\/c065076eb86551fdb70725c8063acf1b60a8edaed14ed654228c4cba13121c83?s=96&d=mm&r=g","url":"https:\/\/secure.gravatar.com\/avatar\/c065076eb86551fdb70725c8063acf1b60a8edaed14ed654228c4cba13121c83?s=96&d=mm&r=g","height":96,"width":96}},"publisher":{"@type":"Organization","name":"opac.cz","logo":{"@type":"ImageObject","@id":"\/logo.png","url":"\/logo.png","width":600,"height":60}},"image":{"@type":"ImageObject","@id":"https:\/\/www.opac.cz\/wp-content\/uploads\/key-3497145_640.jpg","url":"https:\/\/www.opac.cz\/wp-content\/uploads\/key-3497145_640.jpg","height":0,"width":0},"url":"https:\/\/www.opac.cz\/kdyz-reklamni-predmet-tak-klicenka-na-krk\/","about":["Podnik\u00e1n\u00ed"],"wordCount":420,"articleBody":"   Rozd\u00e1vat reklamn\u00ed p\u0159edm\u011bty na podnikov\u00fdch akc\u00edch &#8211; \u0161kolen\u00edch, rautech \u010di prezentac\u00edch, je sice fajn, ale m\u011bli byste m\u00edt rozmy\u0161leno, co vlastn\u011b lidem d\u00e1t, aby to m\u011blo pro n\u011b praktick\u00fd v\u00fdznam, a aby v\u00e1m to z\u00e1rove\u0148 nezp\u016fsobilo n\u011bjak\u00e9 zbyte\u010dn\u00e9 obt\u00ed\u017ee. Kup\u0159\u00edkladu rozd\u00e1vat tri\u010dka s firemn\u00edm logem bude sice vypadat efektn\u011b, ale pokud netref\u00edte velikost, kup\u0159\u00edkladu rozd\u00e1te tri\u010dka velikosti M t\u0159em mu\u017e\u016fm korpulentn\u00ed postavy, budou jimi moci obl\u00e9knout maxim\u00e1ln\u011b sv\u00e9 d\u011bti, pokud n\u011bjak\u00e9 maj\u00ed. Abyste se vyhnuli p\u0159\u00edpadn\u00fdm trapas\u016fm, je v\u00fdhodn\u011bj\u0161\u00ed zvolit n\u011bco univerz\u00e1ln\u00edho, nap\u0159\u00edklad kl\u00ed\u010denky na krk.S kl\u00ed\u010denkou z\u00edskaj\u00ed va\u0161i z\u00e1kazn\u00edci \u010di partne\u0159i p\u0159edm\u011bt, kter\u00fd se jim m\u016f\u017ee bezprost\u0159edn\u011b hodit a mohou jej ihned za\u010d\u00edt vyu\u017e\u00edvat.Kl\u00ed\u010de na krku neztrat\u00edte \u2013 m\u00edt kl\u00ed\u010de na svazku jednoho nebo dvou krou\u017ek\u016f, to zav\u00e1n\u00ed jejich ztr\u00e1tou. Prost\u011b o n\u011b zavad\u00edte p\u0159i balen\u00ed v\u011bc\u00ed do ta\u0161ky, spadnou ze stolu, vy si toho nev\u0161imnete, patou chodidla je je\u0161t\u011b zastr\u010d\u00edte pod st\u016fl, a pak dv\u011b hodiny hled\u00e1te kl\u00ed\u010de a jste z toho a\u017e zoufal\u00ed. Pokud ov\u0161em m\u00e1te svazek na \u0161\u0148\u016frce, \u0161\u0148\u016frka je tak patrn\u00e1 i z velk\u00e9 d\u00e1lky, \u017ee se v\u00e1m toto tak\u0159\u00edkaj\u00edc nem\u016f\u017ee st\u00e1t. A m\u00e1te-li pak kl\u00ed\u010de na krku, nem\u016f\u017eete je ztratit, leda, \u017ee byste obrazn\u011b \u0159e\u010deno ztratili hlavu, ale to sp\u00ed\u0161e mu\u017e pro n\u011bjakou \u017eenu nebo \u017eena pro n\u011bjak\u00e9ho mu\u017ee.Nemus\u00ed to b\u00fdt jen kl\u00ed\u010de \u2013 zav\u011b\u0161ovat na \u0161\u0148\u016frku m\u016f\u017eete i jin\u00e9 p\u0159edm\u011bty, nap\u0159\u00edklad talisman \u010di polodrahokam.Kl\u00ed\u010denka v kapse \u2013 v praktick\u00e9m \u017eivot\u011b se m\u016f\u017eete v kancel\u00e1\u0159sk\u00e9 profesi setkat s t\u00edm, \u017ee n\u011bkte\u0159\u00ed mu\u017ei vstanou od psac\u00edho stolu, popadnou kl\u00ed\u010denku se \u0161\u0148\u016frkou, v\u011bt\u0161inou v\u00fdrazn\u011b barevnou, kterou nep\u0159ehl\u00e9dnou, zastr\u010d\u00ed kl\u00ed\u010de do kapsy a \u010d\u00e1st \u0161\u0148\u016frky bude vykukovat ven jako m\u00f3dn\u00ed dopln\u011bk a z\u00e1rove\u0148 jako p\u0159ipom\u00ednka, \u017ee jsou kl\u00ed\u010de v kapse. Usnadn\u00ed to pak jejich hled\u00e1n\u00ed a zbyte\u010dn\u00e9 starosti, kde kl\u00ed\u010de vlastn\u011b jsou, zejm\u00e9na p\u0159i pohybu mimo kancel\u00e1\u0159, t\u0159eba cestou na ob\u011bd.                                                                                                                                                                                                                                                                                                                                                                                          4.3\/5 - (9 votes)        "},{"@context":"https:\/\/schema.org\/","@type":"BreadcrumbList","itemListElement":[{"@type":"ListItem","position":1,"name":"Kdy\u017e reklamn\u00ed p\u0159edm\u011bt, tak kl\u00ed\u010denka na krk","item":"https:\/\/www.opac.cz\/kdyz-reklamni-predmet-tak-klicenka-na-krk\/#breadcrumbitem"}]}]