[{"@context":"https:\/\/schema.org\/","@type":"Blog","@id":"https:\/\/www.opac.cz#Blog","headline":"Opac","description":"\nNeklademe si za c\u00edl n\u011bkoho oklam\u00e1vat, d\u00e1vat mu fale\u0161n\u00e9 nad\u011bje nebo ho naopak zbyte\u010dn\u011b deptat. N\u00e1m jde o to, aby se ka\u017ed\u00fd dozv\u011bd\u011bl jen pravdu.","url":"https:\/\/www.opac.cz","hasPart":[{"@type":"Article","@id":"https:\/\/www.opac.cz\/gronsko-nejvetsi-ostrov-na-svete\/","headline":"Gr\u00f3nsko: nejv\u011bt\u0161\u00ed ostrov na sv\u011bt\u011b","url":"https:\/\/www.opac.cz\/gronsko-nejvetsi-ostrov-na-svete\/","datePublished":"2026-05-31","dateModified":"2026-05-31","mainEntityOfPage":"https:\/\/www.opac.cz\/gronsko-nejvetsi-ostrov-na-svete\/","author":{"@type":"Person","@id":"https:\/\/www.opac.cz\/author\/#Person","name":"","url":"https:\/\/www.opac.cz\/author\/","identifier":1,"image":{"@type":"ImageObject","@id":"https:\/\/secure.gravatar.com\/avatar\/c065076eb86551fdb70725c8063acf1b60a8edaed14ed654228c4cba13121c83?s=96&d=mm&r=g","url":"https:\/\/secure.gravatar.com\/avatar\/c065076eb86551fdb70725c8063acf1b60a8edaed14ed654228c4cba13121c83?s=96&d=mm&r=g","height":96,"width":96}},"publisher":{"@type":"Organization","name":"opac.cz","logo":{"@type":"ImageObject","@id":"\/logo.png","url":"\/logo.png","width":600,"height":60}},"image":{"@type":"ImageObject","@id":"https:\/\/www.opac.cz\/wp-content\/uploads\/art284962_4x3_20260820_020936_fhHAIa.jpg","url":"https:\/\/www.opac.cz\/wp-content\/uploads\/art284962_4x3_20260820_020936_fhHAIa.jpg","height":0,"width":0},"wordCount":504,"keywords":null},{"@type":"Article","@id":"https:\/\/www.opac.cz\/nektere-firmy-jsou-zadane\/","headline":"N\u011bkter\u00e9 firmy jsou \u017e\u00e1dan\u00e9","url":"https:\/\/www.opac.cz\/nektere-firmy-jsou-zadane\/","datePublished":"2026-01-17","dateModified":"2026-01-17","mainEntityOfPage":"https:\/\/www.opac.cz\/nektere-firmy-jsou-zadane\/","author":{"@type":"Person","@id":"https:\/\/www.opac.cz\/author\/#Person","name":"","url":"https:\/\/www.opac.cz\/author\/","identifier":1,"image":{"@type":"ImageObject","@id":"https:\/\/secure.gravatar.com\/avatar\/c065076eb86551fdb70725c8063acf1b60a8edaed14ed654228c4cba13121c83?s=96&d=mm&r=g","url":"https:\/\/secure.gravatar.com\/avatar\/c065076eb86551fdb70725c8063acf1b60a8edaed14ed654228c4cba13121c83?s=96&d=mm&r=g","height":96,"width":96}},"publisher":{"@type":"Organization","name":"opac.cz","logo":{"@type":"ImageObject","@id":"\/logo.png","url":"\/logo.png","width":600,"height":60}},"image":{"@type":"ImageObject","@id":"https:\/\/www.opac.cz\/wp-content\/uploads\/d%C5%AFm%20bude_10_3.jpg","url":"https:\/\/www.opac.cz\/wp-content\/uploads\/d%C5%AFm%20bude_10_3.jpg","height":0,"width":0},"wordCount":588,"keywords":null},{"@type":"Article","@id":"https:\/\/www.opac.cz\/financovani-automobilu\/","headline":"Financov\u00e1n\u00ed automobilu","url":"https:\/\/www.opac.cz\/financovani-automobilu\/","datePublished":"2025-12-28","dateModified":"2025-12-28","mainEntityOfPage":"https:\/\/www.opac.cz\/financovani-automobilu\/","author":{"@type":"Person","@id":"https:\/\/www.opac.cz\/author\/#Person","name":"","url":"https:\/\/www.opac.cz\/author\/","identifier":1,"image":{"@type":"ImageObject","@id":"https:\/\/secure.gravatar.com\/avatar\/c065076eb86551fdb70725c8063acf1b60a8edaed14ed654228c4cba13121c83?s=96&d=mm&r=g","url":"https:\/\/secure.gravatar.com\/avatar\/c065076eb86551fdb70725c8063acf1b60a8edaed14ed654228c4cba13121c83?s=96&d=mm&r=g","height":96,"width":96}},"publisher":{"@type":"Organization","name":"opac.cz","logo":{"@type":"ImageObject","@id":"\/logo.png","url":"\/logo.png","width":600,"height":60}},"image":{"@type":"ImageObject","@id":"https:\/\/www.opac.cz\/wp-content\/uploads\/bmw-6359790_640_4.jpg","url":"https:\/\/www.opac.cz\/wp-content\/uploads\/bmw-6359790_640_4.jpg","height":0,"width":0},"wordCount":505,"keywords":null},{"@type":"Article","@id":"https:\/\/www.opac.cz\/propisky-s-originalnim-potiskem-pro-spolecenske-akce\/","headline":"Propisky s origin\u00e1ln\u00edm potiskem pro spole\u010densk\u00e9 akce","url":"https:\/\/www.opac.cz\/propisky-s-originalnim-potiskem-pro-spolecenske-akce\/","datePublished":"2025-12-10","dateModified":"2025-12-10","mainEntityOfPage":"https:\/\/www.opac.cz\/propisky-s-originalnim-potiskem-pro-spolecenske-akce\/","author":{"@type":"Person","@id":"https:\/\/www.opac.cz\/author\/#Person","name":"","url":"https:\/\/www.opac.cz\/author\/","identifier":1,"image":{"@type":"ImageObject","@id":"https:\/\/secure.gravatar.com\/avatar\/c065076eb86551fdb70725c8063acf1b60a8edaed14ed654228c4cba13121c83?s=96&d=mm&r=g","url":"https:\/\/secure.gravatar.com\/avatar\/c065076eb86551fdb70725c8063acf1b60a8edaed14ed654228c4cba13121c83?s=96&d=mm&r=g","height":96,"width":96}},"publisher":{"@type":"Organization","name":"opac.cz","logo":{"@type":"ImageObject","@id":"\/logo.png","url":"\/logo.png","width":600,"height":60}},"image":{"@type":"ImageObject","@id":"https:\/\/www.opac.cz\/wp-content\/uploads\/notepad-926046_640_1.jpg","url":"https:\/\/www.opac.cz\/wp-content\/uploads\/notepad-926046_640_1.jpg","height":0,"width":0},"wordCount":609,"keywords":null},{"@type":"Article","@id":"https:\/\/www.opac.cz\/jak-si-zajistit-soukromi-a-bezpeci\/","headline":"Jak si zajistit soukrom\u00ed a bezpe\u010d\u00ed?","url":"https:\/\/www.opac.cz\/jak-si-zajistit-soukromi-a-bezpeci\/","datePublished":"2025-11-06","dateModified":"2025-11-06","mainEntityOfPage":"https:\/\/www.opac.cz\/jak-si-zajistit-soukromi-a-bezpeci\/","author":{"@type":"Person","@id":"https:\/\/www.opac.cz\/author\/#Person","name":"","url":"https:\/\/www.opac.cz\/author\/","identifier":1,"image":{"@type":"ImageObject","@id":"https:\/\/secure.gravatar.com\/avatar\/c065076eb86551fdb70725c8063acf1b60a8edaed14ed654228c4cba13121c83?s=96&d=mm&r=g","url":"https:\/\/secure.gravatar.com\/avatar\/c065076eb86551fdb70725c8063acf1b60a8edaed14ed654228c4cba13121c83?s=96&d=mm&r=g","height":96,"width":96}},"publisher":{"@type":"Organization","name":"opac.cz","logo":{"@type":"ImageObject","@id":"\/logo.png","url":"\/logo.png","width":600,"height":60}},"image":{"@type":"ImageObject","@id":"https:\/\/www.opac.cz\/wp-content\/uploads\/pll_4.jpg","url":"https:\/\/www.opac.cz\/wp-content\/uploads\/pll_4.jpg","height":0,"width":0},"wordCount":591,"keywords":null},{"@type":"Article","@id":"https:\/\/www.opac.cz\/svatebni-den\/","headline":"Svatebn\u00ed den","url":"https:\/\/www.opac.cz\/svatebni-den\/","datePublished":"2025-10-26","dateModified":"2025-10-26","mainEntityOfPage":"https:\/\/www.opac.cz\/svatebni-den\/","author":{"@type":"Person","@id":"https:\/\/www.opac.cz\/author\/#Person","name":"","url":"https:\/\/www.opac.cz\/author\/","identifier":1,"image":{"@type":"ImageObject","@id":"https:\/\/secure.gravatar.com\/avatar\/c065076eb86551fdb70725c8063acf1b60a8edaed14ed654228c4cba13121c83?s=96&d=mm&r=g","url":"https:\/\/secure.gravatar.com\/avatar\/c065076eb86551fdb70725c8063acf1b60a8edaed14ed654228c4cba13121c83?s=96&d=mm&r=g","height":96,"width":96}},"publisher":{"@type":"Organization","name":"opac.cz","logo":{"@type":"ImageObject","@id":"\/logo.png","url":"\/logo.png","width":600,"height":60}},"image":{"@type":"ImageObject","@id":"https:\/\/www.opac.cz\/wp-content\/uploads\/wedding-2784455_640_2.jpg","url":"https:\/\/www.opac.cz\/wp-content\/uploads\/wedding-2784455_640_2.jpg","height":0,"width":0},"wordCount":616,"keywords":null},{"@type":"Article","@id":"https:\/\/www.opac.cz\/kdy-bychom-si-meli-zavolat-firmu-na-uklid-po-stavbe\/","headline":"Kdy bychom si m\u011bli zavolat firmu na \u00faklid po stavb\u011b","url":"https:\/\/www.opac.cz\/kdy-bychom-si-meli-zavolat-firmu-na-uklid-po-stavbe\/","datePublished":"2025-09-02","dateModified":"2025-09-02","mainEntityOfPage":"https:\/\/www.opac.cz\/kdy-bychom-si-meli-zavolat-firmu-na-uklid-po-stavbe\/","author":{"@type":"Person","@id":"https:\/\/www.opac.cz\/author\/#Person","name":"","url":"https:\/\/www.opac.cz\/author\/","identifier":1,"image":{"@type":"ImageObject","@id":"https:\/\/secure.gravatar.com\/avatar\/c065076eb86551fdb70725c8063acf1b60a8edaed14ed654228c4cba13121c83?s=96&d=mm&r=g","url":"https:\/\/secure.gravatar.com\/avatar\/c065076eb86551fdb70725c8063acf1b60a8edaed14ed654228c4cba13121c83?s=96&d=mm&r=g","height":96,"width":96}},"publisher":{"@type":"Organization","name":"opac.cz","logo":{"@type":"ImageObject","@id":"\/logo.png","url":"\/logo.png","width":600,"height":60}},"image":{"@type":"ImageObject","@id":"https:\/\/www.opac.cz\/wp-content\/uploads\/stavba2_6.jpg","url":"https:\/\/www.opac.cz\/wp-content\/uploads\/stavba2_6.jpg","height":0,"width":0},"wordCount":600,"keywords":null},{"@type":"Article","@id":"https:\/\/www.opac.cz\/nase-sperky-pro-vase-dcery-nebo-vnucky\/","headline":"Na\u0161e \u0161perky pro va\u0161e dcery nebo vnu\u010dky","url":"https:\/\/www.opac.cz\/nase-sperky-pro-vase-dcery-nebo-vnucky\/","datePublished":"2025-09-01","dateModified":"2025-09-01","mainEntityOfPage":"https:\/\/www.opac.cz\/nase-sperky-pro-vase-dcery-nebo-vnucky\/","author":{"@type":"Person","@id":"https:\/\/www.opac.cz\/author\/#Person","name":"","url":"https:\/\/www.opac.cz\/author\/","identifier":1,"image":{"@type":"ImageObject","@id":"https:\/\/secure.gravatar.com\/avatar\/c065076eb86551fdb70725c8063acf1b60a8edaed14ed654228c4cba13121c83?s=96&d=mm&r=g","url":"https:\/\/secure.gravatar.com\/avatar\/c065076eb86551fdb70725c8063acf1b60a8edaed14ed654228c4cba13121c83?s=96&d=mm&r=g","height":96,"width":96}},"publisher":{"@type":"Organization","name":"opac.cz","logo":{"@type":"ImageObject","@id":"\/logo.png","url":"\/logo.png","width":600,"height":60}},"image":null,"wordCount":228,"keywords":null},{"@type":"Article","@id":"https:\/\/www.opac.cz\/pripadejte-si-jako-modelka\/","headline":"P\u0159ipadejte si jako modelka","url":"https:\/\/www.opac.cz\/pripadejte-si-jako-modelka\/","datePublished":"2025-08-26","dateModified":"2025-08-26","mainEntityOfPage":"https:\/\/www.opac.cz\/pripadejte-si-jako-modelka\/","author":{"@type":"Person","@id":"https:\/\/www.opac.cz\/author\/#Person","name":"","url":"https:\/\/www.opac.cz\/author\/","identifier":1,"image":{"@type":"ImageObject","@id":"https:\/\/secure.gravatar.com\/avatar\/c065076eb86551fdb70725c8063acf1b60a8edaed14ed654228c4cba13121c83?s=96&d=mm&r=g","url":"https:\/\/secure.gravatar.com\/avatar\/c065076eb86551fdb70725c8063acf1b60a8edaed14ed654228c4cba13121c83?s=96&d=mm&r=g","height":96,"width":96}},"publisher":{"@type":"Organization","name":"opac.cz","logo":{"@type":"ImageObject","@id":"\/logo.png","url":"\/logo.png","width":600,"height":60}},"image":null,"wordCount":210,"keywords":null},{"@type":"Article","@id":"https:\/\/www.opac.cz\/pronajem-luxusnich-vozidel-pro-firmy\/","headline":"Pron\u00e1jem luxusn\u00edch vozidel pro firmy","url":"https:\/\/www.opac.cz\/pronajem-luxusnich-vozidel-pro-firmy\/","datePublished":"2025-08-20","dateModified":"2025-08-20","mainEntityOfPage":"https:\/\/www.opac.cz\/pronajem-luxusnich-vozidel-pro-firmy\/","author":{"@type":"Person","@id":"https:\/\/www.opac.cz\/author\/#Person","name":"","url":"https:\/\/www.opac.cz\/author\/","identifier":1,"image":{"@type":"ImageObject","@id":"https:\/\/secure.gravatar.com\/avatar\/c065076eb86551fdb70725c8063acf1b60a8edaed14ed654228c4cba13121c83?s=96&d=mm&r=g","url":"https:\/\/secure.gravatar.com\/avatar\/c065076eb86551fdb70725c8063acf1b60a8edaed14ed654228c4cba13121c83?s=96&d=mm&r=g","height":96,"width":96}},"publisher":{"@type":"Organization","name":"opac.cz","logo":{"@type":"ImageObject","@id":"\/logo.png","url":"\/logo.png","width":600,"height":60}},"image":null,"wordCount":269,"keywords":null}]},{"@context":"https:\/\/schema.org","@type":"WebSite","@id":"https:\/\/www.opac.cz\/#website","name":"Opac","url":"https:\/\/www.opac.cz","potentialAction":{"@type":"SearchAction","target":"https:\/\/www.opac.cz\/?s={search_term_string}","query-input":"required name=search_term_string"}}]